{"id":47337,"date":"2026-01-01T14:22:19","date_gmt":"2026-01-01T06:22:19","guid":{"rendered":"https:\/\/www.sgnutri.com\/?p=47337"},"modified":"2026-03-03T10:16:21","modified_gmt":"2026-03-03T02:16:21","slug":"wie-man-prabiotika-mit-probiotika-einnimmt","status":"publish","type":"post","link":"https:\/\/www.sgnutri.com\/de\/wie-man-prabiotika-mit-probiotika-einnimmt\/","title":{"rendered":"Wie man Pr\u00e4biotika mit Probiotika einnimmt"},"content":{"rendered":"<div class=\"wp-block-themepark-block-themepark-wright content-super-p  blog-jiange\" style=\"font-size:17px;line-height:28px;color:#211c1c;padding:10px 20px;\">\n<div class=\"wp-block-column\">\n<p>Die effizienteste Art, Pr\u00e4biotika und Probiotika zu verzehren, ist, sie gleichzeitig einzunehmen. Das ideale Zeitfenster ist 15 bis 30 Minuten vor der ersten Mahlzeit jeden Tages.<\/p>\n\n\n\n<p>Auf dem Gebiet der funktionellen Medizin, beziehen wir uns auf diese Kombination als die \"synbiotic\" Strategie. Auf n\u00fcchternen Magen, verwenden Sie 1 Tasse Wasser bei Raumtemperatur, um sie zusammen zu senden, das ist, wie Sie gerade \"aufwachen\" in den Darmtrakt von Probiotika (n\u00fctzliche Bakterien) direkt \u00fcber die 1 vorgefertigte Rationen (Pr\u00e4biotika) \u00fcbergeben. Diese \"Saatgut D\u00fcnger\" Strategie kann die \u00dcberlebensrate von Bakterien deutlich erh\u00f6hen und maximieren Sie Ihre Rendite auf Investitionen in die Darmgesundheit.<\/p>\n\n\n\n<p>F\u00fcr die meisten Erwachsenen, die ihre Gesundheit optimieren m\u00f6chten, ist es nicht notwendig, die beiden Lebensmittel getrennt einzunehmen; vielmehr kann die getrennte Einnahme ihre Wirkung verringern. Wenn Sie diese Kur jedoch zum ersten Mal ausprobieren, ist Regelm\u00e4\u00dfigkeit der Schl\u00fcssel: Nehmen Sie sie jeden Morgen zur gleichen Zeit ein, um einen Rhythmus f\u00fcr Ihr Verdauungssystem zu schaffen.<\/p>\n\n\n\n<figure class=\"wp-block-image size-large\"><img loading=\"lazy\" decoding=\"async\" width=\"1024\" height=\"469\" src=\"https:\/\/www.sgnutri.com\/wp-content\/uploads\/2026\/01\/image-78-1024x469.png\" alt=\"Fotos von Pr\u00e4biotika\" class=\"wp-image-47338\" srcset=\"https:\/\/www.sgnutri.com\/wp-content\/uploads\/2026\/01\/image-78-1024x469.png 1024w, https:\/\/www.sgnutri.com\/wp-content\/uploads\/2026\/01\/image-78-300x138.png 300w, https:\/\/www.sgnutri.com\/wp-content\/uploads\/2026\/01\/image-78-768x352.png 768w, https:\/\/www.sgnutri.com\/wp-content\/uploads\/2026\/01\/image-78-18x8.png 18w, https:\/\/www.sgnutri.com\/wp-content\/uploads\/2026\/01\/image-78.png 1167w\" sizes=\"auto, (max-width: 1024px) 100vw, 1024px\" \/><\/figure>\n\n\n\n<h2 class=\"wp-block-heading\"><span class=\"ez-toc-section\" id=\"Understanding_The_%E2%80%9CSynbiotic%E2%80%9D_Logic\"><\/span>Die \"synbiotische\" Logik verstehen<span class=\"ez-toc-section-end\"><\/span><\/h2>\n\n\n\n<p>Um den richtigen Umgang mit Pr\u00e4biotika und Probiotika wirklich zu beherrschen, m\u00fcssen Sie umdenken: Betrachten Sie sie nicht als zwei getrennte Nahrungserg\u00e4nzungsmittel, sondern als zwei Partner, die ein gemeinsames Ziel verfolgen. Dies ist der Kern von synbiotic.<\/p>\n\n\n\n<p>Ich mache oft diese Analogie: Stellen Sie sich Probiotika als Samen vor, die Sie in Ihren Garten (Ihre Darmmikrobiota) s\u00e4en, und Pr\u00e4biotika sind die hochwertigen D\u00fcngemittel, die diese Samen zum Wachsen brauchen. Wenn Sie nur s\u00e4en, ohne zu d\u00fcngen, k\u00f6nnten die Samen in der rauen Umgebung des Verdauungstrakts nur schwer \u00fcberleben.<\/p>\n\n\n\n<p>Wenn man sie zusammen isst, k\u00f6nnen die Samen ihre eigenen \"Bento-Boxen\" mitnehmen. Auf diese Weise haben die n\u00fctzlichen Bakterien, sobald sie den Darm erreicht haben, gen\u00fcgend Treibstoff, um sich anzusiedeln, anstatt hungrig auf die n\u00e4chste Mahlzeit zu warten.<\/p>\n\n\n\n<h2 class=\"wp-block-heading\"><span class=\"ez-toc-section\" id=\"Why_Time_Is_Critical\"><\/span>Warum Zeit ein entscheidender Faktor ist<span class=\"ez-toc-section-end\"><\/span><\/h2>\n\n\n\n<p>Es wird empfohlen, es 15 bis 30 Minuten vor der ersten Mahlzeit einzunehmen. Diese Strategie ist sehr speziell.<\/p>\n\n\n\n<p>Wenn man auf n\u00fcchternen Magen isst, kann das Pr\u00e4parat das saure Milieu schnell passieren, ohne immer wieder in einem schweren Fr\u00fchst\u00fcck umger\u00fchrt zu werden. Ich empfehle aber auch nicht, nach dem Essen mehrere Stunden lang zu hungern. Diese 15- bis 30-min\u00fctige Pufferzeit reicht gerade aus, damit die Kapsel oder das Pulver den Darm erreicht, und die anschlie\u00dfende Einnahme des Fr\u00fchst\u00fccks regt die Verdauung und Peristaltik weiter an.<\/p>\n\n\n\n<p>Dieser Zeitunterschied ist genau richtig, um nicht nur die \u00dcberlebensrate der Bakterien zu maximieren, sondern ihnen auch die M\u00f6glichkeit zu geben, sich niederzulassen\", bevor die Verdauungslast wirklich ansteigt.<\/p>\n\n\n\n<section class=\"wp-block-themepark-block-themepark-area block_layout thempark-block undefined\" id=\"maxw\" style=\"padding-bottom:100px;padding-top:100px;\" data-swiper-parallax=\"-700\"><div class=\"block_layout_in clomnsmal  clomnnone\" style=\"\">\n<div class=\"wp-block-column block_layout_in\">\n<p class=\"has-text-align-center has-themecolor-1-color has-text-color has-link-color has-large-font-size wp-elements-a412b82537ce59baad06b01a96b3c1d2\"><strong>An der Spitze der Ern\u00e4hrung<\/strong><\/p>\n\n\n\n<div style=\"height:30px\" aria-hidden=\"true\" class=\"wp-block-spacer\"><\/div>\n\n\n\n<section class=\"wp-block-themepark-block-themepark-area block_layout thempark-block undefined  product-demo1\" id=\"maxw\" style=\"\" data-swiper-parallax=\"-700\"><div class=\"block_layout_in clomnsmal  clomnnone\" style=\"\">\n<div class=\"wp-block-column block_layout_in\">\n<div class=\"wp-block-columns\">\n<div class=\"wp-block-column\">\n<div class=\"wp-block-themepark-block-themepark-wright content-super-p\" style=\"font-size:14px;line-height:25px;color:#333333;padding:20px 20px;\">\n<div class=\"wp-block-column\">\n<p class=\"has-themecolor-1-color has-text-color has-link-color has-medium-font-size wp-elements-abc467a7e19bc0b8f4faebef530f0542\"><strong><strong><strong><strong><strong><strong>L\u00f6sliche Ballaststoffe<\/strong><\/strong><\/strong><\/strong><\/strong><\/strong><\/p>\n\n\n\n<div style=\"height:10px\" aria-hidden=\"true\" class=\"wp-block-spacer\"><\/div>\n\n\n\n<p>L\u00f6sliche Ballaststoffe sind hochstabile, unverdauliche Nahrungsbestandteile, die die Gewichtskontrolle f\u00f6rdern, indem sie das S\u00e4ttigungsgef\u00fchl steigern und die Nahrungsaufnahme reduzieren. Sie sind vielseitig einsetzbar und werden h\u00e4ufig verwendet, um das N\u00e4hrwertprofil und die Textur von Lebensmitteln, Getr\u00e4nken und Gesundheitsprodukten zu verbessern.<\/p>\n\n\n\n<div style=\"height:16px\" aria-hidden=\"true\" class=\"wp-block-spacer\"><\/div>\n\n\n\n<div class=\"wp-block-themepark-block-btn themepark-i-btn-out\" style=\"text-align:undefined;\"><div class=\"themepark-i-btn-out_ins\" style=\"\"><div class=\"themepark-i-btn-out_in\"><div class=\"themepark-i-btn\" style=\"background-color:#0aa652;color:#ffffff;font-size:14px;border:solid 1px #318ec8;padding:6px 43px;\"><a href=\"https:\/\/www.sgnutri.com\/de\/kategorie\/alleprodukte\/losliche-ballaststoffe\/\" rel=\"noopener noreferrer \">Angebot einholen<\/a><a class=\"hovers\" data-title=\"Get Quote\" style=\"color:#318ec8;background-color:#ffffff;padding:6px 43px;\" href=\"https:\/\/www.sgnutri.com\/de\/kategorie\/alleprodukte\/losliche-ballaststoffe\/\" rel=\"noopener noreferrer\" target=\"_self\"><\/a><\/div><\/div><\/div><\/div>\n<\/div>\n<\/div>\n<\/div>\n\n\n\n<div class=\"wp-block-column\" style=\"flex-basis:5%\"><\/div>\n\n\n\n<div class=\"wp-block-column\" style=\"flex-basis:50%\">\n<section class=\"wp-block-themepark-block-themepark-area block_layout thempark-block undefined\" id=\"\" style=\"padding-top:110px;height:300px;box-sizing: border-box;width: 100%;\" data-swiper-parallax=\"-700\"><div class=\"block_layout_in\" style=\"\">\n<div class=\"wp-block-column block_layout_in\">\n<h2 class=\"wp-block-heading has-text-align-center hover-only-title has-themecolor-1-color has-text-color has-link-color wp-elements-b45b7f3fb95a8220ad5d673dd5e4fc25\" style=\"font-size:30px\"><span class=\"ez-toc-section\" id=\"Soluble_Fiber\"><\/span><strong><strong><strong><strong><strong>L\u00f6sliche Ballaststoffe<\/strong><\/strong><\/strong><\/strong><\/strong><span class=\"ez-toc-section-end\"><\/span><\/h2>\n<\/div>\n<\/div><div class=\"layout_badh\"><div class=\"PcOnly themepark-block_layout_ba lazyload swiper-lazy\" style=\"background-repeat:no-repeat;background-size:cover;\" data-background=\"https:\/\/www.sgnutri.com\/wp-content\/uploads\/2025\/12\/\u672a\u6807\u9898-2.png\"><\/div><div class=\"MovePnly themepark-block_layout_ba lazyload swiper-move-lazy\" style=\"background-repeat:no-repeat;background-size:cover;\" data-background=\"https:\/\/www.sgnutri.com\/wp-content\/uploads\/2025\/12\/\u672a\u6807\u9898-2.png\"><\/div><\/div><\/section>\n<\/div>\n<\/div>\n<\/div>\n<\/div><div class=\"layout_badh\"><\/div><\/section>\n\n\n\n<div style=\"height:30px\" aria-hidden=\"true\" class=\"wp-block-spacer\"><\/div>\n\n\n\n<section class=\"wp-block-themepark-block-themepark-area block_layout thempark-block undefined  product-demo1\" id=\"maxw\" style=\"\" data-swiper-parallax=\"-700\"><div class=\"block_layout_in clomnsmal  clomnnone\" style=\"\">\n<div class=\"wp-block-column block_layout_in\">\n<div class=\"wp-block-columns\">\n<div class=\"wp-block-column\">\n<div class=\"wp-block-themepark-block-themepark-wright content-super-p\" style=\"font-size:14px;line-height:25px;color:#333333;padding:20px 20px;\">\n<div class=\"wp-block-column\">\n<p class=\"has-themecolor-1-color has-text-color has-link-color has-medium-font-size wp-elements-04e1b3374feb268aed97152a1f9aac63\"><strong><strong>Pr\u00e4biotisch<\/strong><\/strong><\/p>\n\n\n\n<div style=\"height:10px\" aria-hidden=\"true\" class=\"wp-block-spacer\"><\/div>\n\n\n\n<p>Ein Pr\u00e4biotikum fungiert als Proliferationsfaktor, der selektiv von n\u00fctzlichen Darmbakterien abgebaut und verwertet wird, wie z. B.&nbsp;<em>Bifidobakterien<\/em>. Dieser Prozess wirkt sich positiv auf die allgemeine Gesundheit des Menschen aus und geht h\u00e4ufig mit metabolischen Vorteilen einher, wie z. B. einer geringen Kalorienbelastung und minimalen Blutzuckerschwankungen aufgrund ihrer einzigartigen Verdauungsstabilit\u00e4t.<\/p>\n\n\n\n<div style=\"height:16px\" aria-hidden=\"true\" class=\"wp-block-spacer\"><\/div>\n\n\n\n<div class=\"wp-block-themepark-block-btn themepark-i-btn-out\" style=\"text-align:undefined;\"><div class=\"themepark-i-btn-out_ins\" style=\"\"><div class=\"themepark-i-btn-out_in\"><div class=\"themepark-i-btn\" style=\"background-color:#0aa652;color:#ffffff;font-size:14px;border:solid 1px #318ec8;padding:6px 43px;\"><a href=\"https:\/\/www.sgnutri.com\/de\/kategorie\/alleprodukte\/prabiotisch\/\" rel=\"noopener noreferrer \">Angebot einholen<\/a><a class=\"hovers\" data-title=\"Get Quote\" style=\"color:#318ec8;background-color:#ffffff;padding:6px 43px;\" href=\"https:\/\/www.sgnutri.com\/de\/kategorie\/alleprodukte\/prabiotisch\/\" rel=\"noopener noreferrer\" target=\"_self\"><\/a><\/div><\/div><\/div><\/div>\n<\/div>\n<\/div>\n<\/div>\n\n\n\n<div class=\"wp-block-column\" style=\"flex-basis:5%\"><\/div>\n\n\n\n<div class=\"wp-block-column\" style=\"flex-basis:50%\">\n<section class=\"wp-block-themepark-block-themepark-area block_layout thempark-block undefined\" id=\"\" style=\"padding-top:110px;height:300px;box-sizing: border-box;width: 100%;\" data-swiper-parallax=\"-700\"><div class=\"block_layout_in\" style=\"\">\n<div class=\"wp-block-column block_layout_in\">\n<h2 class=\"wp-block-heading has-text-align-center hover-only-title has-themecolor-1-color has-text-color has-link-color wp-elements-6dcb043e5f0a710efa5e014da6febeb2\" style=\"font-size:30px\"><span class=\"ez-toc-section\" id=\"Prebiotic\"><\/span><strong><strong>Pr\u00e4biotisch<\/strong><\/strong><span class=\"ez-toc-section-end\"><\/span><\/h2>\n<\/div>\n<\/div><div class=\"layout_badh\"><div class=\"PcOnly themepark-block_layout_ba lazyload swiper-lazy\" style=\"background-repeat:no-repeat;background-size:cover;\" data-background=\"https:\/\/www.sgnutri.com\/wp-content\/uploads\/2025\/12\/\u672a\u6807\u9898-5.png\"><\/div><div class=\"MovePnly themepark-block_layout_ba lazyload swiper-move-lazy\" style=\"background-repeat:no-repeat;background-size:cover;\" data-background=\"https:\/\/www.sgnutri.com\/wp-content\/uploads\/2025\/12\/\u672a\u6807\u9898-5.png\"><\/div><\/div><\/section>\n<\/div>\n<\/div>\n<\/div>\n<\/div><div class=\"layout_badh\"><\/div><\/section>\n\n\n\n<div style=\"height:30px\" aria-hidden=\"true\" class=\"wp-block-spacer\"><\/div>\n\n\n\n<div style=\"height:30px\" aria-hidden=\"true\" class=\"wp-block-spacer\"><\/div>\n\n\n\n<section class=\"wp-block-themepark-block-themepark-area block_layout thempark-block undefined  product-demo1\" id=\"maxw\" style=\"\" data-swiper-parallax=\"-700\"><div class=\"block_layout_in clomnsmal  clomnnone\" style=\"\">\n<div class=\"wp-block-column block_layout_in\">\n<div class=\"wp-block-columns\">\n<div class=\"wp-block-column\">\n<div class=\"wp-block-themepark-block-themepark-wright content-super-p\" style=\"font-size:14px;line-height:25px;color:#333333;padding:20px 20px;\">\n<div class=\"wp-block-column\">\n<p class=\"has-themecolor-1-color has-text-color has-link-color has-medium-font-size wp-elements-9c16a18866d3d60738f810938ceef076\"><strong>Vitamine<\/strong><\/p>\n\n\n\n<div style=\"height:10px\" aria-hidden=\"true\" class=\"wp-block-spacer\"><\/div>\n\n\n\n<p><br>Vitamine sind essenzielle organische Mikron\u00e4hrstoffe, die in wasserl\u00f6sliche und fettl\u00f6sliche Formen unterteilt werden und wichtige physiologische Prozesse wie Stoffwechsel, Immunit\u00e4t und Blutgerinnung regulieren.  Aufgrund ihrer Empfindlichkeit gegen\u00fcber Licht, W\u00e4rme und Feuchtigkeit, <\/p>\n\n\n\n<div style=\"height:16px\" aria-hidden=\"true\" class=\"wp-block-spacer\"><\/div>\n\n\n\n<div class=\"wp-block-themepark-block-btn themepark-i-btn-out\" style=\"text-align:undefined;\"><div class=\"themepark-i-btn-out_ins\" style=\"\"><div class=\"themepark-i-btn-out_in\"><div class=\"themepark-i-btn\" style=\"background-color:#0aa652;color:#ffffff;font-size:14px;border:solid 1px #318ec8;padding:6px 43px;\"><a href=\"https:\/\/www.sgnutri.com\/de\/kategorie\/alleprodukte\/viatmins\/\" rel=\"noopener noreferrer \">Angebot einholen<\/a><a class=\"hovers\" data-title=\"Get Quote\" style=\"color:#318ec8;background-color:#ffffff;padding:6px 43px;\" href=\"https:\/\/www.sgnutri.com\/de\/kategorie\/alleprodukte\/viatmins\/\" rel=\"noopener noreferrer\" target=\"_self\"><\/a><\/div><\/div><\/div><\/div>\n<\/div>\n<\/div>\n<\/div>\n\n\n\n<div class=\"wp-block-column\" style=\"flex-basis:5%\"><\/div>\n\n\n\n<div class=\"wp-block-column\" style=\"flex-basis:50%\">\n<section class=\"wp-block-themepark-block-themepark-area block_layout thempark-block undefined\" id=\"\" style=\"padding-top:110px;height:300px;box-sizing: border-box;width: 100%;\" data-swiper-parallax=\"-700\"><div class=\"block_layout_in\" style=\"\">\n<div class=\"wp-block-column block_layout_in\">\n<h2 class=\"wp-block-heading has-text-align-center hover-only-title has-themecolor-1-color has-text-color has-link-color wp-elements-cb59af2c229b8669dc39731809bb0a5b\" style=\"font-size:30px\"><span class=\"ez-toc-section\" id=\"Vitamins\"><\/span><strong>Vitamine<\/strong><span class=\"ez-toc-section-end\"><\/span><\/h2>\n<\/div>\n<\/div><div class=\"layout_badh\"><div class=\"PcOnly themepark-block_layout_ba lazyload swiper-lazy\" style=\"background-repeat:no-repeat;background-size:cover;background-position:center;\" data-background=\"https:\/\/www.sgnutri.com\/wp-content\/uploads\/2025\/12\/\u672a\u6807\u9898-3.png\"><\/div><div class=\"MovePnly themepark-block_layout_ba lazyload swiper-move-lazy\" style=\"background-repeat:no-repeat;background-size:cover;background-position:center;\" data-background=\"https:\/\/www.sgnutri.com\/wp-content\/uploads\/2025\/12\/\u672a\u6807\u9898-3.png\"><\/div><\/div><\/section>\n<\/div>\n<\/div>\n<\/div>\n<\/div><div class=\"layout_badh\"><\/div><\/section>\n\n\n\n<style>\n.product-demo1{\n  border:1px solid #D4D4D4;\n}\n\n\/* \u533a\u5757\u6574\u4f53 hover \u80cc\u666f + \u6587\u5b57\u53d8\u767d *\/\n.product-demo1 {\n    transition: background-color 0.45s ease;\n}\n\n.product-demo1:hover {\n    background-color: var(--wp--preset--color--themecolor-1);\n}\n\n\/* \u5de6\u4fa7\u6240\u6709\u6587\u5b57 hover \u540e\u5f3a\u5236\u767d\u8272 *\/\n.product-demo1:hover .content-super-p,\n.product-demo1:hover .content-super-p p,\n.product-demo1:hover .content-super-p strong,\n.product-demo1:hover .content-super-p .has-medium-font-size {\n    color: #ffffff !important;\n}\n\n\/* \u6309\u94ae\uff1a\u521d\u59cb\u4e3b\u9898\u8272\u5e95+\u767d\u5b57 \u2192 hover \u767d\u5e95+\u4e3b\u9898\u8272\u5b57 *\/\n.product-demo1 .themepark-i-btn {\n    background-color: var(--wp--preset--color--themecolor-1) !important;\n    color: #ffffff !important;\n    border-color: var(--wp--preset--color--themecolor-1) !important;\n    transition: all 0.4s ease;\n}\n\n.product-demo1:hover .themepark-i-btn {\n    background-color: #ffffff !important;\n    color: var(--wp--preset--color--themecolor-1) !important;\n    border-color: var(--wp--preset--color--themecolor-1) !important;\n}\n\n\/* \u2500\u2500\u2500 \u53f3\u4fa7\u56fe\u7247\u533a\u57df\uff1a\u906e\u7f69 + hover-only-title \u2500\u2500\u2500 *\/\n\n.PcOnly.themepark-block_layout_ba {\n    position: relative;           \/* \u5173\u952e\uff1a\u8ba9 ::before \u548c\u5b50\u5143\u7d20\u5b9a\u4f4d *\/\n}\n\n\/* \u906e\u7f69\u5c42\uff1a\u521d\u59cb\u5b8c\u5168\u900f\u660e *\/\n.PcOnly.themepark-block_layout_ba::before {\n    content: \"\";\n    position: absolute;\n    inset: 0;\n    background-color: #000;\n    opacity: 0;\n    transition: opacity 0.5s ease;\n    z-index: 1;\n    pointer-events: none;\n}\n\n\/* hover \u540e\u663e\u793a 30% \u906e\u7f69 *\/\n.product-demo1:hover .PcOnly.themepark-block_layout_ba::before {\n    opacity: 0.3;\n}\n\n\/* hover-only-title\uff1a\u521d\u59cb\u9690\u85cf *\/\n.hover-only-title {\n    opacity: 0;\n    visibility: hidden;\n    transform: translateY(30px);           \/* \u7a0d\u5fae\u5411\u4e0b\u504f\u79fb\uff0c\u589e\u52a0\u51fa\u73b0\u65f6\u7684\u52a8\u6001 *\/\n    transition: all 0.55s ease;\n    z-index: 2;                            \/* \u786e\u4fdd\u5728\u906e\u7f69\u4e0a\u9762 *\/\n    position: relative;                    \/* \u76f8\u5bf9\u5b9a\u4f4d\uff0c\u907f\u514d\u88ab ::before \u76d6\u4f4f *\/\n    text-shadow: 0 3px 12px rgba(0,0,0,0.7);\n}\n\n\/* \u533a\u5757 hover \u540e\uff1a\u663e\u793a\u6807\u9898 + \u5f52\u4f4d + \u52a8\u753b *\/\n.product-demo1:hover .hover-only-title {\n    opacity: 1;\n    visibility: visible;\n    transform: translateY(0);\n}\n\n\/* \u53ef\u9009\uff1ahover \u65f6\u8ba9\u6807\u9898\u66f4\u7a81\u51fa\uff08\u8f7b\u5fae\u653e\u5927\uff09 *\/\n.product-demo1:hover .hover-only-title {\n    transform: translateY(0) scale(1.05);\n}\n<\/style>\n<\/div>\n<\/div><div class=\"layout_badh\"><\/div><\/section>\n\n\n\n<h2 class=\"wp-block-heading\"><span class=\"ez-toc-section\" id=\"The_Role_Of_Water_Temperature_And_Regularity\"><\/span>Die Rolle von Wassertemperatur und Regelm\u00e4\u00dfigkeit<span class=\"ez-toc-section-end\"><\/span><\/h2>\n\n\n\n<p>Die Art der Verabreichung ist ebenso wichtig wie der Zeitpunkt, an dem die Einnahme erfolgen soll. Wasser bei Raumtemperatur ist das sicherste Mittel. Zu hei\u00dfe Fl\u00fcssigkeit kann die hitzeempfindlichen probiotischen St\u00e4mme direkt abt\u00f6ten, und wenn man fr\u00fch am Morgen Eiswasser trinkt, kann das leicht zu einem unn\u00f6tigen Schock f\u00fcr das Verdauungssystem f\u00fchren.<\/p>\n\n\n\n<p>Au\u00dferdem ist die Gesundheit des Darms sehr stark vom \"Rhythmus\" abh\u00e4ngig. Auch Ihr Mikrobiom hat einen zirkadianen Rhythmus, genau wie Ihr Schlafzyklus. Indem Sie die synbiotische Kombination jeden Morgen zur gleichen Zeit zu sich nehmen, trainieren Sie Ihr Verdauungssystem darauf, die Ankunft dieser Welle von n\u00fctzlichen Bakterien und Ballaststoffen zu erwarten. Nach meinen klinischen Beobachtungen mangelt es denjenigen, die das Gef\u00fchl haben, dass \"egal wie man isst, es keine Wirkung hat\", oft an dieser Verbindung und Kontinuit\u00e4t.<\/p>\n\n\n\n<h2 class=\"wp-block-heading\"><span class=\"ez-toc-section\" id=\"Do_You_Need_To_Eat_Them_Separately\"><\/span>M\u00fcssen Sie sie getrennt verzehren?<span class=\"ez-toc-section-end\"><\/span><\/h2>\n\n\n\n<p>Es ist ein weit verbreiteter Irrglaube, dass Probiotika morgens und Pr\u00e4biotika abends verzehrt werden sollten, um Bl\u00e4hungen oder gegenseitige St\u00f6rungen zu vermeiden. Nach den neuesten Standards f\u00fcr funktionelle Ern\u00e4hrung ist das v\u00f6llig unn\u00f6tig.<\/p>\n\n\n\n<figure class=\"wp-block-image size-full\"><img loading=\"lazy\" decoding=\"async\" width=\"995\" height=\"551\" src=\"https:\/\/www.sgnutri.com\/wp-content\/uploads\/2026\/01\/image-79.png\" alt=\"Probiotika und Pr\u00e4biotika k\u00f6nnen gemeinsam verzehrt werden.\" class=\"wp-image-47339\" srcset=\"https:\/\/www.sgnutri.com\/wp-content\/uploads\/2026\/01\/image-79.png 995w, https:\/\/www.sgnutri.com\/wp-content\/uploads\/2026\/01\/image-79-300x166.png 300w, https:\/\/www.sgnutri.com\/wp-content\/uploads\/2026\/01\/image-79-768x425.png 768w, https:\/\/www.sgnutri.com\/wp-content\/uploads\/2026\/01\/image-79-18x10.png 18w\" sizes=\"auto, (max-width: 995px) 100vw, 995px\" \/><\/figure>\n\n\n\n<p>Die Trennung von Probiotika und Pr\u00e4biotika bedeutet eine Unterbrechung der \"synbiotischen\" Verbindung. Wenn die Probiotika einige Stunden vor den Pr\u00e4biotika ankommen, k\u00f6nnen sie sich aufgrund von Energiemangel nicht ansiedeln; umgekehrt sind die Pr\u00e4biotika, wenn sie allein ankommen, nur ein Haufen ungenutzter Ballaststoffe, bevor die Bakterien sie einholen.<\/p>\n\n\n\n<p>Um die Vorteile f\u00fcr die Darmgesundheit zu maximieren, sollte man sie zusammen einschlie\u00dfen. Dieser \"1+1&gt;2\"-Synergieeffekt ist am st\u00e4rksten, wenn sie den Verdauungstrakt gleichzeitig durchlaufen.<\/p>\n\n\n\n<h2 class=\"wp-block-heading\"><span class=\"ez-toc-section\" id=\"Frequently_Asked_Questions_FAQ\"><\/span>H\u00e4ufig gestellte Fragen (FAQ)<span class=\"ez-toc-section-end\"><\/span><\/h2>\n\n\n\n<div data-wp-context=\"{ &quot;autoclose&quot;: false, &quot;accordionItems&quot;: [] }\" data-wp-interactive=\"core\/accordion\" role=\"group\" class=\"wp-block-accordion\">\n<div data-wp-class--is-open=\"state.isOpen\" data-wp-context=\"{ &quot;id&quot;: &quot;accordion-item-1&quot;, &quot;openByDefault&quot;: false }\" data-wp-init=\"callbacks.initAccordionItems\" data-wp-on-window--hashchange=\"callbacks.hashChange\" class=\"wp-block-accordion-item\">\n<h3 class=\"wp-block-accordion-heading\"><button aria-expanded=\"false\" aria-controls=\"accordion-item-1-panel\" data-wp-bind--aria-expanded=\"state.isOpen\" data-wp-on--click=\"actions.toggle\" data-wp-on--keydown=\"actions.handleKeyDown\" id=\"accordion-item-1\" type=\"button\" class=\"wp-block-accordion-heading__toggle\"><span class=\"wp-block-accordion-heading__toggle-title\">F: Sollte ich Pr\u00e4biotika und Probiotika zusammen oder getrennt einnehmen?<\/span><span class=\"wp-block-accordion-heading__toggle-icon\" aria-hidden=\"true\">+<\/span><\/button><\/h3>\n\n\n\n<div inert aria-labelledby=\"accordion-item-1\" data-wp-bind--inert=\"!state.isOpen\" id=\"accordion-item-1-panel\" role=\"region\" class=\"wp-block-accordion-panel\">\n<p>A: Bitte essen Sie gemeinsam. Wissenschaftlich gesehen ist dies die wirksamste Methode, die so genannte \"synbiotische\" Strategie. Die gleichzeitige Einnahme bietet eine unmittelbare Nahrungsquelle (Pr\u00e4biotikum oder \"D\u00fcnger\") f\u00fcr Probiotika (\"Samen\"). F\u00fcr die meisten gesunden Erwachsenen ist eine getrennte Einnahme nicht nur unn\u00f6tig, sondern kann auch die synergetischen Vorteile ihrer unmittelbaren Interaktion im Darm zunichte machen.<\/p>\n<\/div>\n<\/div>\n<\/div>\n\n\n\n<div data-wp-context=\"{ &quot;autoclose&quot;: false, &quot;accordionItems&quot;: [] }\" data-wp-interactive=\"core\/accordion\" role=\"group\" class=\"wp-block-accordion\">\n<div data-wp-class--is-open=\"state.isOpen\" data-wp-context=\"{ &quot;id&quot;: &quot;accordion-item-2&quot;, &quot;openByDefault&quot;: false }\" data-wp-init=\"callbacks.initAccordionItems\" data-wp-on-window--hashchange=\"callbacks.hashChange\" class=\"wp-block-accordion-item\">\n<h3 class=\"wp-block-accordion-heading\"><button aria-expanded=\"false\" aria-controls=\"accordion-item-2-panel\" data-wp-bind--aria-expanded=\"state.isOpen\" data-wp-on--click=\"actions.toggle\" data-wp-on--keydown=\"actions.handleKeyDown\" id=\"accordion-item-2\" type=\"button\" class=\"wp-block-accordion-heading__toggle\"><span class=\"wp-block-accordion-heading__toggle-title\">F: Wann ist die beste Tageszeit zum Essen?<\/span><span class=\"wp-block-accordion-heading__toggle-icon\" aria-hidden=\"true\">+<\/span><\/button><\/h3>\n\n\n\n<div inert aria-labelledby=\"accordion-item-2\" data-wp-bind--inert=\"!state.isOpen\" id=\"accordion-item-2-panel\" role=\"region\" class=\"wp-block-accordion-panel\">\n<p>A: Die beste Zeit ist das Fasten am Morgen. Konkret geht es um 15 bis 30 Minuten vor der ersten Mahlzeit am Tag. Dieser Zeitpunkt sorgt daf\u00fcr, dass das Pr\u00e4parat den Magen effizient passieren kann und stellt einen gleichm\u00e4\u00dfigen Rhythmus f\u00fcr Ihr Verdauungssystem her.<\/p>\n<\/div>\n<\/div>\n<\/div>\n\n\n\n<div data-wp-context=\"{ &quot;autoclose&quot;: false, &quot;accordionItems&quot;: [] }\" data-wp-interactive=\"core\/accordion\" role=\"group\" class=\"wp-block-accordion\">\n<div data-wp-class--is-open=\"state.isOpen\" data-wp-context=\"{ &quot;id&quot;: &quot;accordion-item-3&quot;, &quot;openByDefault&quot;: false }\" data-wp-init=\"callbacks.initAccordionItems\" data-wp-on-window--hashchange=\"callbacks.hashChange\" class=\"wp-block-accordion-item\">\n<h3 class=\"wp-block-accordion-heading\"><button aria-expanded=\"false\" aria-controls=\"accordion-item-3-panel\" data-wp-bind--aria-expanded=\"state.isOpen\" data-wp-on--click=\"actions.toggle\" data-wp-on--keydown=\"actions.handleKeyDown\" id=\"accordion-item-3\" type=\"button\" class=\"wp-block-accordion-heading__toggle\"><span class=\"wp-block-accordion-heading__toggle-title\">F: Kann ich Probiotika mit hei\u00dfem Kaffee oder Tee einnehmen?<\/span><span class=\"wp-block-accordion-heading__toggle-icon\" aria-hidden=\"true\">+<\/span><\/button><\/h3>\n\n\n\n<div inert aria-labelledby=\"accordion-item-3\" data-wp-bind--inert=\"!state.isOpen\" id=\"accordion-item-3-panel\" role=\"region\" class=\"wp-block-accordion-panel\">\n<p>A: Am besten ist es, hei\u00dfe Getr\u00e4nke zu vermeiden. Es wird empfohlen, 1 Tasse Wasser mit Zimmertemperatur zu verwenden, um die Leistung zu erbringen. \u00dcberhitzte Fl\u00fcssigkeit kann n\u00fctzliche Bakterien abt\u00f6ten, bevor sie den Darm erreichen, w\u00e4hrend Eiswasser das Verdauungssystem reizen kann. Wasser mit Raumtemperatur ist das sicherste Medium, um das \u00dcberleben der Bakterien zu maximieren.<\/p>\n<\/div>\n<\/div>\n<\/div>\n\n\n\n<div data-wp-context=\"{ &quot;autoclose&quot;: false, &quot;accordionItems&quot;: [] }\" data-wp-interactive=\"core\/accordion\" role=\"group\" class=\"wp-block-accordion\">\n<div data-wp-class--is-open=\"state.isOpen\" data-wp-context=\"{ &quot;id&quot;: &quot;accordion-item-4&quot;, &quot;openByDefault&quot;: false }\" data-wp-init=\"callbacks.initAccordionItems\" data-wp-on-window--hashchange=\"callbacks.hashChange\" class=\"wp-block-accordion-item\">\n<h3 class=\"wp-block-accordion-heading\"><button aria-expanded=\"false\" aria-controls=\"accordion-item-4-panel\" data-wp-bind--aria-expanded=\"state.isOpen\" data-wp-on--click=\"actions.toggle\" data-wp-on--keydown=\"actions.handleKeyDown\" id=\"accordion-item-4\" type=\"button\" class=\"wp-block-accordion-heading__toggle\"><span class=\"wp-block-accordion-heading__toggle-title\">F: Muss man nach der Einnahme von Pr\u00e4biotika und Probiotika mit dem Essen warten?<\/span><span class=\"wp-block-accordion-heading__toggle-icon\" aria-hidden=\"true\">+<\/span><\/button><\/h3>\n\n\n\n<div inert aria-labelledby=\"accordion-item-4\" data-wp-bind--inert=\"!state.isOpen\" id=\"accordion-item-4-panel\" role=\"region\" class=\"wp-block-accordion-panel\">\n<p>A: Ja, eine kurze Wartezeit wird empfohlen. Idealerweise sollten Sie 15 bis 30 Minuten nach der Einnahme der synbiotischen Kombination warten, bevor Sie fr\u00fchst\u00fccken. Diese kurze Zeitspanne erm\u00f6glicht es den Probiotika und Pr\u00e4biotika, sich zu beruhigen und sich durch das System zu bewegen, bevor die schwerere Verdauungslast beginnt.<\/p>\n<\/div>\n<\/div>\n<\/div>\n\n\n\n<div data-wp-context=\"{ &quot;autoclose&quot;: false, &quot;accordionItems&quot;: [] }\" data-wp-interactive=\"core\/accordion\" role=\"group\" class=\"wp-block-accordion\">\n<div data-wp-class--is-open=\"state.isOpen\" data-wp-context=\"{ &quot;id&quot;: &quot;accordion-item-5&quot;, &quot;openByDefault&quot;: false }\" data-wp-init=\"callbacks.initAccordionItems\" data-wp-on-window--hashchange=\"callbacks.hashChange\" class=\"wp-block-accordion-item\">\n<h3 class=\"wp-block-accordion-heading\"><button aria-expanded=\"false\" aria-controls=\"accordion-item-5-panel\" data-wp-bind--aria-expanded=\"state.isOpen\" data-wp-on--click=\"actions.toggle\" data-wp-on--keydown=\"actions.handleKeyDown\" id=\"accordion-item-5\" type=\"button\" class=\"wp-block-accordion-heading__toggle\"><span class=\"wp-block-accordion-heading__toggle-title\">F: Wenn nicht am Morgen, k\u00f6nnen Sie dann am Abend essen?<\/span><span class=\"wp-block-accordion-heading__toggle-icon\" aria-hidden=\"true\">+<\/span><\/button><\/h3>\n\n\n\n<div inert aria-labelledby=\"accordion-item-5\" data-wp-bind--inert=\"!state.isOpen\" id=\"accordion-item-5-panel\" role=\"region\" class=\"wp-block-accordion-panel\">\n<p>A: Obwohl der Morgen der bevorzugte Zeitpunkt ist, um den Tagesrhythmus festzulegen, ist Best\u00e4ndigkeit der wichtigste Faktor. Um die Wirkung zu optimieren, ist die Standardempfehlung 15-30 Minuten vor der ersten Mahlzeit. Aber wenn Sie es morgens nicht schaffen, ist es wichtig, es jeden Tag zur gleichen Zeit einzunehmen, um die Stabilit\u00e4t der Darmgesundheit zu erhalten.<\/p>\n<\/div>\n<\/div>\n<\/div>\n\n\n\n<p><strong><strong>Autor<\/strong>\uff1a<\/strong>&nbsp;<strong>Alex Mercer<\/strong><\/p>\n\n\n\n<p><em>Ich bin<\/em><strong>&nbsp;<\/strong><em>ein Spezialist f\u00fcr funktionelle Ern\u00e4hrung, der sich der Optimierung der Darmgesundheit widmet. Meine Arbeit konzentriert sich auf \"synbiotische\" Strategien, wie die Kombination von Pr\u00e4biotika und Probiotika, um die bakterielle \u00dcberlebensrate zu maximieren und den Verdauungsrhythmus zu verbessern. Ich glaube an ein evidenzbasiertes Timing, um Ihnen zu helfen, den besten Return on Investment f\u00fcr Ihre Gesundheit zu erzielen.<\/em><\/p>\n<\/div>\n<\/div>","protected":false},"excerpt":{"rendered":"","protected":false},"author":1,"featured_media":47338,"comment_status":"open","ping_status":"open","sticky":false,"template":"","format":"standard","meta":{"_acf_changed":false,"themepark_post_bcolor":"#ffffff","themepark_post_width":"1022px","themepark_post_img":"","themepark_post_img_po":"left","themepark_post_img_re":false,"themepark_post_img_cover":false,"themepark_post_img_fixed":false,"themepark_post_hide_title":false,"themepark_post_main_b":"#ffffff","themepark_post_main_p":100,"themepark_paddingblock":true,"footnotes":""},"categories":[58],"tags":[],"class_list":["post-47337","post","type-post","status-publish","format-standard","has-post-thumbnail","hentry","category-blogs"],"metadata":{"_edit_lock":["1772504214:1"],"rank_math_seo_score":["20"],"rank_math_primary_category":["58"],"_wp_old_date":["2026-01-14"],"_thumbnail_id":["47338"],"themepark_post_bcolor":["#ffffff"],"themepark_post_width":["1022px"],"themepark_post_img":[""],"themepark_post_img_po":["left"],"themepark_post_img_re":[""],"themepark_post_img_cover":[""],"themepark_post_img_fixed":[""],"themepark_post_hide_title":[""],"themepark_post_main_b":["#ffffff"],"themepark_post_main_p":["100"],"themepark_paddingblock":["1"],"footnotes":[""],"_edit_last":["1"],"_ez-toc-disabled":[""],"_ez-toc-insert":[""],"_ez-toc-header-label":[""],"_ez-toc-device-target":[""],"_ez-toc-alignment":["none"],"_ez-toc-heading-levels":["a:0:{}"],"_ez-toc-alttext":[""],"_ez-toc-visibility_hide_by_default":[""],"_ez-toc-hide_counter":[""],"_ez-toc-exclude":[""],"_ez-toc-position-specific":[""],"themepark_seo_title":["How To Take Prebiotics With Probiotics"],"themepark_seo_description":["Learn How To Take Prebiotics With Probiotics. Take Them Together 15-30 Mins Before Breakfast For Max Gut Health Results."],"themepark_seo_keyword":["How To Take Prebiotics With Probiotics"],"catce":["sidebar-widgets4"],"_trp_automatically_translated_slug_ar":["\u0643\u064a\u0641\u064a\u0629-\u062a\u0646\u0627\u0648\u0644-\u0627\u0644\u0628\u0631\u064a\u0628\u0627\u064a\u0648\u062a\u0643\u0633-\u0645\u0639-\u0627\u0644\u0628\u0631\u0648\u0628\u064a\u0648"],"_trp_automatically_translated_slug_de_DE":["wie-man-prabiotika-mit-probiotika-einnimmt"],"_trp_automatically_translated_slug_es_ES":["como-tomar-prebioticos-con-probioticos"],"_trp_automatically_translated_slug_fr_FR":["comment-prendre-des-prebiotiques-avec-des-probiotiques"],"_trp_automatically_translated_slug_ja":["\u30d7\u30ec\u30d0\u30a4\u30aa\u30c6\u30a3\u30af\u30b9\u3068\u30d7\u30ed\u30d0\u30a4\u30aa\u30c6\u30a3\u30af\u30b9\u306e\u4f75\u7528"],"_trp_automatically_translated_slug_it_IT":["come-assumere-i-prebiotici-con-i-probiotici"],"_trp_automatically_translated_slug_ko_KR":["\ud504\ub85c\ubc14\uc774\uc624\ud2f1\uc2a4\uc640-\ud568\uaed8-\ud504\ub9ac\ubc14\uc774\uc624\ud2f1\uc2a4\ub97c-\uc12d\ucde8\ud558"],"views":["435"],"aggregated_titles":[""],"_aggregated_titles":["field_698ad8fabfec6"],"aggregate_description":[""],"_aggregate_description":["field_698ad913bfec7"],"polymer_product_sku1":[""],"_polymer_product_sku1":["field_698ad932bfec8"],"polymer_product_sku2":[""],"_polymer_product_sku2":["field_698ad93dbfec9"],"polymer_product_sku3":[""],"_polymer_product_sku3":["field_698ad941bfeca"],"aggregated_product_titles1":[""],"_aggregated_product_titles1":["field_698ad945bfecb"],"aggregated_product_titles2":[""],"_aggregated_product_titles2":["field_698ad94dbfecc"],"aggregated_product_titles3":[""],"_aggregated_product_titles3":["field_698ad954bfecd"],"aggregated_product_description1":[""],"_aggregated_product_description1":["field_698ad957bfece"],"aggregated_product_description2":[""],"_aggregated_product_description2":["field_698ad961bfecf"],"aggregated_product_description3":[""],"_aggregated_product_description3":["field_698ad965bfed0"],"polymerization_characteristics_tittle":[""],"_polymerization_characteristics_tittle":["field_699d3c712ad62"],"polymerization_characteristics1":[""],"_polymerization_characteristics1":["field_699d3c742ad63"],"polymerization_characteristics2":[""],"_polymerization_characteristics2":["field_699d3c7d2ad64"],"polymerization_characteristics3":[""],"_polymerization_characteristics3":["field_699d3c802ad65"],"polymerization_characteristics4":[""],"_polymerization_characteristics4":["field_699d3c842ad66"],"polymerization_characteristics5":[""],"_polymerization_characteristics5":["field_699d3c8d2ad67"],"polymerization_characteristics6":[""],"_polymerization_characteristics6":["field_699d3c902ad68"],"polymerization_characteristics_descr1":[""],"_polymerization_characteristics_descr1":["field_699d3c9a2ad69"],"polymerization_characteristics_descr2":[""],"_polymerization_characteristics_descr2":["field_699d3c9c2ad6a"],"polymerization_characteristics_descr3":[""],"_polymerization_characteristics_descr3":["field_699d3c9f2ad6b"],"polymerization_characteristics_descr4":[""],"_polymerization_characteristics_descr4":["field_699d3ca22ad6c"],"polymerization_characteristics_descr5":[""],"_polymerization_characteristics_descr5":["field_699d3ca52ad6d"],"polymerization_characteristics_descr6":[""],"_polymerization_characteristics_descr6":["field_699d3ca92ad6e"],"aggregated_application_scenarios_tittle":[""],"_aggregated_application_scenarios_tittle":["field_699d3cae2ad6f"],"aggregated_application_scenarios1":[""],"_aggregated_application_scenarios1":["field_699d3cbd2ad70"],"aggregated_application_scenarios2":[""],"_aggregated_application_scenarios2":["field_699d3cc52ad71"],"aggregated_application_scenarios3":[""],"_aggregated_application_scenarios3":["field_699d3cc92ad72"],"aggregated_application_scenarios4":[""],"_aggregated_application_scenarios4":["field_699d3ccc2ad73"],"aggregated_application_scenarios5":[""],"_aggregated_application_scenarios5":["field_699d3cd02ad74"],"aggregated_application_scenarios6":[""],"_aggregated_application_scenarios6":["field_699d3cd42ad75"],"product_title":[""],"_product_title":["field_696dddd18cafe"],"product_description":[""],"_product_description":["field_696ddded8caff"],"product_parameter1":[""],"_product_parameter1":["field_696dddf48cb00"],"product_parameter2":[""],"_product_parameter2":["field_696dddfd8cb01"],"product_parameter3":[""],"_product_parameter3":["field_696dde018cb02"],"product_parameter4":[""],"_product_parameter4":["field_698bf07160199"],"product_parameter5":[""],"_product_parameter5":["field_698bf0746019a"],"product_parameter6":[""],"_product_parameter6":["field_698bf0786019b"],"product_parameter7":[""],"_product_parameter7":["field_698bf07b6019c"],"product_parameter8":[""],"_product_parameter8":["field_698bf07e6019d"],"product_parameter9":[""],"_product_parameter9":["field_698bf0816019e"],"parameter_describ":[""],"_parameter_describ":["field_698bf08a6019f"],"product_parameter_description1":[""],"_product_parameter_description1":["field_696dde048cb03"],"product_parameter_description2":[""],"_product_parameter_description2":["field_696dde0c8cb04"],"product_parameter_description3":[""],"_product_parameter_description3":["field_696dde118cb05"],"product_parameter_description4":[""],"_product_parameter_description4":["field_698bf04f60193"],"product_parameter_description5":[""],"_product_parameter_description5":["field_698bf05560194"],"product_parameter_description6":[""],"_product_parameter_description6":["field_698bf05960195"],"product_parameter_description7":[""],"_product_parameter_description7":["field_698bf05c60196"],"product_parameter_description8":[""],"_product_parameter_description8":["field_698bf05f60197"],"product_parameter_description9":[""],"_product_parameter_description9":["field_698bf06360198"],"characteristics_tittle":[""],"_characteristics_tittle":["field_696dde148cb06"],"characteristics_tittle1":[""],"_characteristics_tittle1":["field_696dde1b8cb07"],"characteristics_tittle2":[""],"_characteristics_tittle2":["field_696dde238cb08"],"characteristics_tittle3":[""],"_characteristics_tittle3":["field_696dde278cb09"],"characteristics_tittle4":[""],"_characteristics_tittle4":["field_696dde2a8cb0a"],"characteristics_tittle5":[""],"_characteristics_tittle5":["field_696dde2e8cb0b"],"characteristics_tittle6":[""],"_characteristics_tittle6":["field_696dde318cb0c"],"characteristics_description1":[""],"_characteristics_description1":["field_696dde368cb0d"],"characteristics_description2":[""],"_characteristics_description2":["field_696dde408cb0e"],"characteristics_description3":[""],"_characteristics_description3":["field_696dde438cb0f"],"characteristics_description4":[""],"_characteristics_description4":["field_696dde468cb10"],"characteristics_description5":[""],"_characteristics_description5":["field_696dde498cb11"],"characteristics_description6":[""],"_characteristics_description6":["field_696dde4d8cb12"],"comparison_points_tittle":[""],"_comparison_points_tittle":["field_696dde528cb13"],"comparison_points_tittle1":[""],"_comparison_points_tittle1":["field_696dde608cb14"],"comparison_points_tittle2":[""],"_comparison_points_tittle2":["field_696dde668cb15"],"comparison_points_tittle3":[""],"_comparison_points_tittle3":["field_696dde6c8cb16"],"comparison_points_description":[""],"_comparison_points_description":["field_696dde708cb17"],"comparison_points_description1":[""],"_comparison_points_description1":["field_696dde888cb18"],"comparison_points_description2":[""],"_comparison_points_description2":["field_696dde908cb19"],"comparison_points_description3":[""],"_comparison_points_description3":["field_696dde948cb1a"],"application_title":[""],"_application_title":["field_696dde988cb1b"],"application_title1":[""],"_application_title1":["field_696ddea68cb1c"],"application_title2":[""],"_application_title2":["field_696ddeb18cb1d"],"application_title3":[""],"_application_title3":["field_696ddeb58cb1e"],"application_title4":[""],"_application_title4":["field_696ddebd8cb1f"],"application_describe1":[""],"_application_describe1":["field_696ddec48cb20"],"application_describe2":[""],"_application_describe2":["field_696dded08cb21"],"application_describe3":[""],"_application_describe3":["field_696dded38cb22"],"application_describe4":[""],"_application_describe4":["field_696dded78cb23"],"instruction_title":[""],"_instruction_title":["field_696ddedb8cb24"],"instruction_title1":[""],"_instruction_title1":["field_696ddee68cb25"],"instruction_title2":[""],"_instruction_title2":["field_696ddef58cb26"],"instruction_title3":[""],"_instruction_title3":["field_696ddef98cb27"],"instruction_title4":[""],"_instruction_title4":["field_696ddefc8cb28"],"instruction_describe1":[""],"_instruction_describe1":["field_696ddeff8cb29"],"instruction_describe2":[""],"_instruction_describe2":["field_696ddf078cb2a"],"instruction_describe3":[""],"_instruction_describe3":["field_696ddf0b8cb2b"],"instruction_describe4":[""],"_instruction_describe4":["field_696ddf0e8cb2c"],"material":[""],"_material":["field_696eed876b2b8"],"material_description":[""],"_material_description":["field_696eed896b2b9"],"pre_and_post_sales_titles":[""],"_pre_and_post_sales_titles":["field_696eed906b2ba"],"after_sales_service_title":[""],"_after_sales_service_title":["field_696eeda36b2bb"],"before_sales_service_title":[""],"_before_sales_service_title":["field_696eedbb6b2bc"],"after_sales_service_describe":[""],"_after_sales_service_describe":["field_696eedc86b2bd"],"before_sales_service_describe":[""],"_before_sales_service_describe":["field_696eedcf6b2be"],"faq_question1":[""],"_faq_question1":["field_696eedd56b2bf"],"faq_question2":[""],"_faq_question2":["field_696eedee6b2c0"],"faq_question3":[""],"_faq_question3":["field_696eedf36b2c1"],"faq_question4":[""],"_faq_question4":["field_696eedf76b2c2"],"faq_question5":[""],"_faq_question5":["field_696eedfb6b2c3"],"faq_question6":[""],"_faq_question6":["field_696eedfe6b2c4"],"faq_answer1":[""],"_faq_answer1":["field_696eee026b2c5"],"faq_answer2":[""],"_faq_answer2":["field_696eee0b6b2c6"],"faq_answer3":[""],"_faq_answer3":["field_696eee0e6b2c7"],"faq_answer4":[""],"_faq_answer4":["field_696eee126b2c8"],"faq_answer5":[""],"_faq_answer5":["field_696eee156b2c9"],"faq_answer6":[""],"_faq_answer6":["field_696eee196b2ca"],"detailed_specifications_table":[""],"_detailed_specifications_table":["field_697738b0ef515"]},"acf":[],"medium_url":"https:\/\/www.sgnutri.com\/wp-content\/uploads\/2026\/01\/image-78-300x138.png","thumbnail_url":"https:\/\/www.sgnutri.com\/wp-content\/uploads\/2026\/01\/image-78-150x150.png","full_url":"https:\/\/www.sgnutri.com\/wp-content\/uploads\/2026\/01\/image-78.png","_links":{"self":[{"href":"https:\/\/www.sgnutri.com\/de\/wp-json\/wp\/v2\/posts\/47337","targetHints":{"allow":["GET"]}}],"collection":[{"href":"https:\/\/www.sgnutri.com\/de\/wp-json\/wp\/v2\/posts"}],"about":[{"href":"https:\/\/www.sgnutri.com\/de\/wp-json\/wp\/v2\/types\/post"}],"author":[{"embeddable":true,"href":"https:\/\/www.sgnutri.com\/de\/wp-json\/wp\/v2\/users\/1"}],"replies":[{"embeddable":true,"href":"https:\/\/www.sgnutri.com\/de\/wp-json\/wp\/v2\/comments?post=47337"}],"version-history":[{"count":2,"href":"https:\/\/www.sgnutri.com\/de\/wp-json\/wp\/v2\/posts\/47337\/revisions"}],"predecessor-version":[{"id":48350,"href":"https:\/\/www.sgnutri.com\/de\/wp-json\/wp\/v2\/posts\/47337\/revisions\/48350"}],"wp:featuredmedia":[{"embeddable":true,"href":"https:\/\/www.sgnutri.com\/de\/wp-json\/wp\/v2\/media\/47338"}],"wp:attachment":[{"href":"https:\/\/www.sgnutri.com\/de\/wp-json\/wp\/v2\/media?parent=47337"}],"wp:term":[{"taxonomy":"category","embeddable":true,"href":"https:\/\/www.sgnutri.com\/de\/wp-json\/wp\/v2\/categories?post=47337"},{"taxonomy":"post_tag","embeddable":true,"href":"https:\/\/www.sgnutri.com\/de\/wp-json\/wp\/v2\/tags?post=47337"}],"curies":[{"name":"wp","href":"https:\/\/api.w.org\/{rel}","templated":true}]}}