{"id":47238,"date":"2026-01-07T15:07:11","date_gmt":"2026-01-07T07:07:11","guid":{"rendered":"https:\/\/www.sgnutri.com\/?p=47238"},"modified":"2026-03-03T10:16:36","modified_gmt":"2026-03-03T02:16:36","slug":"la-vitamina-d-baja-produce-mareos","status":"publish","type":"post","link":"https:\/\/www.sgnutri.com\/es\/la-vitamina-d-baja-produce-mareos\/","title":{"rendered":"\u00bfUn bajo nivel de vitamina D provoca mareos?"},"content":{"rendered":"<div class=\"wp-block-themepark-block-themepark-wright content-super-p  blog-jiange\" style=\"font-size:17px;line-height:28px;color:#211c1c;padding:10px 20px;\">\n<div class=\"wp-block-column\">\n<p>S\u00ed, los niveles bajos de vitamina D provocan directamente mareos, v\u00e9rtigos y una sensaci\u00f3n de \"inestabilidad\" f\u00edsica.<\/p>\n\n\n\n<p>Desde la perspectiva del mecanismo m\u00e9dico, el problema central radica principalmente en el trastorno del metabolismo del calcio en el o\u00eddo interno. Hay que saber que la vitamina D es esencial para mantener la densidad de los \"otolitos\" (cristales de carbonato c\u00e1lcico) del sistema vestibular; cuando los niveles de vitamina D en el organismo son demasiado bajos, estos diminutos cristales se vuelven fr\u00e1giles, se fragmentan y se desprenden, provocando el v\u00e9rtigo posicional parox\u00edstico benigno, la causa m\u00e1s frecuente de mareo.<\/p>\n\n\n\n<p>Adem\u00e1s, la carencia grave de vitamina D tambi\u00e9n se asocia a hipotensi\u00f3n ortost\u00e1tica (descenso brusco de la tensi\u00f3n arterial al ponerse de pie) y debilidad muscular, que suele ser somatosensorial en forma de pesadez en la parte superior o \"sensaci\u00f3n de flotar\".<\/p>\n\n\n\n<p>La buena noticia es que esto suele ser reversible. Una vez que el nivel s\u00e9rico se restablece al rango ideal mediante programas de suplementos espec\u00edficos, estos s\u00edntomas tienden a remitir.<\/p>\n\n\n\n<figure class=\"wp-block-image size-large\"><img loading=\"lazy\" decoding=\"async\" width=\"1024\" height=\"510\" src=\"https:\/\/www.sgnutri.com\/wp-content\/uploads\/2026\/01\/image-29-1024x510.png\" alt=\"Foto de la vitamina D\" class=\"wp-image-47239\" srcset=\"https:\/\/www.sgnutri.com\/wp-content\/uploads\/2026\/01\/image-29-1024x510.png 1024w, https:\/\/www.sgnutri.com\/wp-content\/uploads\/2026\/01\/image-29-300x149.png 300w, https:\/\/www.sgnutri.com\/wp-content\/uploads\/2026\/01\/image-29-768x382.png 768w, https:\/\/www.sgnutri.com\/wp-content\/uploads\/2026\/01\/image-29-18x9.png 18w, https:\/\/www.sgnutri.com\/wp-content\/uploads\/2026\/01\/image-29.png 1171w\" sizes=\"auto, (max-width: 1024px) 100vw, 1024px\" \/><\/figure>\n\n\n\n<h2 class=\"wp-block-heading\"><span class=\"ez-toc-section\" id=\"The_Link_Between_Vitamin_D_And_Inner_Ear_Crystals_Otoliths\"><\/span><a href=\"https:\/\/pmc.ncbi.nlm.nih.gov\/articles\/PMC4196321\/\" rel=\"nofollow noopener\" target=\"_blank\">La relaci\u00f3n entre la vitamina D y los cristales del o\u00eddo interno (otolitos)<\/a><span class=\"ez-toc-section-end\"><\/span><\/h2>\n\n\n\n<p>Para comprender esta conexi\u00f3n, debemos profundizar en la anatom\u00eda del o\u00eddo interno. El v\u00ednculo cient\u00edfico m\u00e1s concluyente entre la carencia de vitamina D y el v\u00e9rtigo es precisamente \u00e9ste.<\/p>\n\n\n\n<p>Las investigaciones confirman la presencia de receptores de vitamina D (VDR) en las c\u00e9lulas epiteliales del sistema vestibular del o\u00eddo interno. Estos receptores desempe\u00f1an un papel clave en la absorci\u00f3n local de calcio y en la homeostasis del calcio. El sistema vestibular depende de unos diminutos cristales de carbonato c\u00e1lcico denominados \"otolitos\" para percibir la gravedad y el movimiento.<\/p>\n\n\n\n<p>La vitamina D es esencial para mantener la densidad mineral y la integridad estructural de estos cristales. Cuando sus niveles de vitamina D descienden, se produce la siguiente reacci\u00f3n en cadena en el interior de su organismo:<\/p>\n\n\n\n<p>Alteraci\u00f3n del metabolismo del calcio: El o\u00eddo interno tiene dificultades para procesar eficazmente el calcio, lo que provoca que el otolito se vuelva fr\u00e1gil o estructuralmente inestable.<\/p>\n\n\n\n<p>Fragmentaci\u00f3n de los cristalitos: Los otolitos fr\u00e1giles tienen m\u00e1s probabilidades de fragmentarse y desprenderse de la c\u00e1psula el\u00edptica (donde se encontraban originalmente).<\/p>\n\n\n\n<p>Episodios de VPPB: estos fragmentos de cristal sueltos pueden llegar a los canales semicirculares e interrumpir el flujo de l\u00edquido. Esto env\u00eda una se\u00f1al err\u00f3nea al cerebro, de modo que puedes sentir que giras cuando est\u00e1s quieto, lo que es t\u00edpico del v\u00e9rtigo posicional parox\u00edstico benigno (VPPB).<\/p>\n\n\n\n<p>Una revisi\u00f3n sistem\u00e1tica en PubMed tambi\u00e9n se\u00f1al\u00f3 que los niveles s\u00e9ricos de vitamina D eran significativamente m\u00e1s bajos en pacientes con VPPB recurrente que en la poblaci\u00f3n general. Esto sugiere firmemente que la deficiencia de vitamina D es un factor clave de este v\u00e9rtigo \"rotacional\".<\/p>\n\n\n\n<h2 class=\"wp-block-heading\"><span class=\"ez-toc-section\" id=\"Orthostatic_Hypotension_And_Top-Heavy\"><\/span>Hipotensi\u00f3n Ortost\u00e1tica y Top-Heavy<span class=\"ez-toc-section-end\"><\/span><\/h2>\n\n\n\n<p>Adem\u00e1s de los problemas en el o\u00eddo interno, los niveles bajos de vitamina D tambi\u00e9n pueden afectar a la estabilidad cardiovascular, que suele ser el primer indicador que compruebo cuando eval\u00fao a clientes que se quejan de estar de pie y mareados.<\/p>\n\n\n\n<p>El estudio pone de relieve una correlaci\u00f3n entre la carencia de vitamina D y la hipotensi\u00f3n ortost\u00e1tica, es decir, un descenso repentino de la presi\u00f3n arterial al levantarse despu\u00e9s de estar sentado o tumbado.<\/p>\n\n\n\n<p>Funci\u00f3n vascular: De hecho, la vitamina D interviene en la regulaci\u00f3n del sistema renina-angiotensina-aldosterona (SRAA), responsable del control de la presi\u00f3n arterial y el volumen sangu\u00edneo.<\/p>\n\n\n\n<p>S\u00edntomas: Cuando este sistema se ve afectado por la falta de vitamina D, es posible que el organismo no sea capaz de bombear sangre r\u00e1pidamente al estar de pie. Esto conduce a una hipoperfusi\u00f3n (reducci\u00f3n del flujo sangu\u00edneo al cerebro), que provoca un \"apag\u00f3n\" moment\u00e1neo, pesadez en la parte superior o un ataque de v\u00e9rtigo.<\/p>\n\n\n\n<figure class=\"wp-block-image size-large\"><img loading=\"lazy\" decoding=\"async\" width=\"1024\" height=\"391\" src=\"https:\/\/www.sgnutri.com\/wp-content\/uploads\/2026\/01\/image-30-1024x391.png\" alt=\"Relaci\u00f3n entre el d\u00e9ficit de vitamina D y la hipotensi\u00f3n ortost\u00e1tica.\" class=\"wp-image-47240\" srcset=\"https:\/\/www.sgnutri.com\/wp-content\/uploads\/2026\/01\/image-30-1024x391.png 1024w, https:\/\/www.sgnutri.com\/wp-content\/uploads\/2026\/01\/image-30-300x115.png 300w, https:\/\/www.sgnutri.com\/wp-content\/uploads\/2026\/01\/image-30-768x293.png 768w, https:\/\/www.sgnutri.com\/wp-content\/uploads\/2026\/01\/image-30-18x7.png 18w, https:\/\/www.sgnutri.com\/wp-content\/uploads\/2026\/01\/image-30.png 1113w\" sizes=\"auto, (max-width: 1024px) 100vw, 1024px\" \/><\/figure>\n\n\n\n<h2 class=\"wp-block-heading\"><span class=\"ez-toc-section\" id=\"Muscle_Weakness_And_%E2%80%9CFloating_Sensation%E2%80%9D\"><\/span>Debilidad muscular y \"sensaci\u00f3n de flotar\"<span class=\"ez-toc-section-end\"><\/span><\/h2>\n\n\n\n<p>Algunos clientes no describen giros, sino una \"sensaci\u00f3n de inestabilidad\" o de \"flotar\" como \"algod\u00f3n en los pies\". Esta sensaci\u00f3n suele asociarse a debilidad muscular proximal, un s\u00edntoma cl\u00e1sico de carencia grave de vitamina D.<\/p>\n\n\n\n<p>Estabilidad neuromuscular: El tejido muscular esquel\u00e9tico es rico en receptores de vitamina D. La falta de vitamina D afecta a la contracci\u00f3n y la fuerza muscular, sobre todo en las piernas y el tronco.<\/p>\n\n\n\n<p>Integraci\u00f3n sensorial: Cuando los m\u00fasculos del tronco y de las piernas son d\u00e9biles, la propiocepci\u00f3n del cuerpo (la capacidad de percibir la ubicaci\u00f3n espacial) se reduce considerablemente. Esto obliga al cerebro a depender m\u00e1s de las entradas visuales y vestibulares para mantener el equilibrio, un mecanismo compensatorio que tiende a producir sensaci\u00f3n de desequilibrio o descompensaci\u00f3n, que los pacientes suelen describir como un mareo vago y persistente.<\/p>\n\n\n\n<section class=\"wp-block-themepark-block-themepark-area block_layout thempark-block undefined\" id=\"maxw\" style=\"padding-bottom:100px;padding-top:100px;\" data-swiper-parallax=\"-700\"><div class=\"block_layout_in clomnsmal  clomnnone\" style=\"\">\n<div class=\"wp-block-column block_layout_in\">\n<p class=\"has-text-align-center has-themecolor-1-color has-text-color has-link-color has-large-font-size wp-elements-a412b82537ce59baad06b01a96b3c1d2\"><strong>A la vanguardia de la nutrici\u00f3n<\/strong><\/p>\n\n\n\n<div style=\"height:30px\" aria-hidden=\"true\" class=\"wp-block-spacer\"><\/div>\n\n\n\n<section class=\"wp-block-themepark-block-themepark-area block_layout thempark-block undefined  product-demo1\" id=\"maxw\" style=\"\" data-swiper-parallax=\"-700\"><div class=\"block_layout_in clomnsmal  clomnnone\" style=\"\">\n<div class=\"wp-block-column block_layout_in\">\n<div class=\"wp-block-columns\">\n<div class=\"wp-block-column\">\n<div class=\"wp-block-themepark-block-themepark-wright content-super-p\" style=\"font-size:14px;line-height:25px;color:#333333;padding:20px 20px;\">\n<div class=\"wp-block-column\">\n<p class=\"has-themecolor-1-color has-text-color has-link-color has-medium-font-size wp-elements-abc467a7e19bc0b8f4faebef530f0542\"><strong><strong><strong><strong><strong><strong>Fibra soluble<\/strong><\/strong><\/strong><\/strong><\/strong><\/strong><\/p>\n\n\n\n<div style=\"height:10px\" aria-hidden=\"true\" class=\"wp-block-spacer\"><\/div>\n\n\n\n<p>La fibra soluble es un ingrediente diet\u00e9tico altamente estable y no digerible que favorece el control del peso aumentando la saciedad y reduciendo la ingesta de alimentos. De aplicaci\u00f3n vers\u00e1til, se utiliza ampliamente para mejorar el perfil nutricional y la textura de alimentos, bebidas y productos sanitarios.<\/p>\n\n\n\n<div style=\"height:16px\" aria-hidden=\"true\" class=\"wp-block-spacer\"><\/div>\n\n\n\n<div class=\"wp-block-themepark-block-btn themepark-i-btn-out\" style=\"text-align:undefined;\"><div class=\"themepark-i-btn-out_ins\" style=\"\"><div class=\"themepark-i-btn-out_in\"><div class=\"themepark-i-btn\" style=\"background-color:#0aa652;color:#ffffff;font-size:14px;border:solid 1px #318ec8;padding:6px 43px;\"><a href=\"https:\/\/www.sgnutri.com\/es\/categoria\/todos-los-productos\/fibra-soluble\/\" rel=\"noopener noreferrer \">Obtener presupuesto<\/a><a class=\"hovers\" data-title=\"Get Quote\" style=\"color:#318ec8;background-color:#ffffff;padding:6px 43px;\" href=\"https:\/\/www.sgnutri.com\/es\/categoria\/todos-los-productos\/fibra-soluble\/\" rel=\"noopener noreferrer\" target=\"_self\"><\/a><\/div><\/div><\/div><\/div>\n<\/div>\n<\/div>\n<\/div>\n\n\n\n<div class=\"wp-block-column\" style=\"flex-basis:5%\"><\/div>\n\n\n\n<div class=\"wp-block-column\" style=\"flex-basis:50%\">\n<section class=\"wp-block-themepark-block-themepark-area block_layout thempark-block undefined\" id=\"\" style=\"padding-top:110px;height:300px;box-sizing: border-box;width: 100%;\" data-swiper-parallax=\"-700\"><div class=\"block_layout_in\" style=\"\">\n<div class=\"wp-block-column block_layout_in\">\n<h2 class=\"wp-block-heading has-text-align-center hover-only-title has-themecolor-1-color has-text-color has-link-color wp-elements-b45b7f3fb95a8220ad5d673dd5e4fc25\" style=\"font-size:30px\"><span class=\"ez-toc-section\" id=\"Soluble_Fiber\"><\/span><strong><strong><strong><strong><strong>Fibra soluble<\/strong><\/strong><\/strong><\/strong><\/strong><span class=\"ez-toc-section-end\"><\/span><\/h2>\n<\/div>\n<\/div><div class=\"layout_badh\"><div class=\"PcOnly themepark-block_layout_ba lazyload swiper-lazy\" style=\"background-repeat:no-repeat;background-size:cover;\" data-background=\"https:\/\/www.sgnutri.com\/wp-content\/uploads\/2025\/12\/\u672a\u6807\u9898-2.png\"><\/div><div class=\"MovePnly themepark-block_layout_ba lazyload swiper-move-lazy\" style=\"background-repeat:no-repeat;background-size:cover;\" data-background=\"https:\/\/www.sgnutri.com\/wp-content\/uploads\/2025\/12\/\u672a\u6807\u9898-2.png\"><\/div><\/div><\/section>\n<\/div>\n<\/div>\n<\/div>\n<\/div><div class=\"layout_badh\"><\/div><\/section>\n\n\n\n<div style=\"height:30px\" aria-hidden=\"true\" class=\"wp-block-spacer\"><\/div>\n\n\n\n<section class=\"wp-block-themepark-block-themepark-area block_layout thempark-block undefined  product-demo1\" id=\"maxw\" style=\"\" data-swiper-parallax=\"-700\"><div class=\"block_layout_in clomnsmal  clomnnone\" style=\"\">\n<div class=\"wp-block-column block_layout_in\">\n<div class=\"wp-block-columns\">\n<div class=\"wp-block-column\">\n<div class=\"wp-block-themepark-block-themepark-wright content-super-p\" style=\"font-size:14px;line-height:25px;color:#333333;padding:20px 20px;\">\n<div class=\"wp-block-column\">\n<p class=\"has-themecolor-1-color has-text-color has-link-color has-medium-font-size wp-elements-04e1b3374feb268aed97152a1f9aac63\"><strong><strong>Prebi\u00f3tico<\/strong><\/strong><\/p>\n\n\n\n<div style=\"height:10px\" aria-hidden=\"true\" class=\"wp-block-spacer\"><\/div>\n\n\n\n<p>Un prebi\u00f3tico funciona como un factor de proliferaci\u00f3n que es degradado y utilizado selectivamente por bacterias intestinales beneficiosas, como&nbsp;<em>Bifidobacterias<\/em>. Este proceso ejerce un efecto positivo sobre la salud humana en general, a menudo acompa\u00f1ado de ventajas metab\u00f3licas como un bajo impacto cal\u00f3rico y fluctuaciones m\u00ednimas del az\u00facar en sangre debido a su estabilidad digestiva \u00fanica.<\/p>\n\n\n\n<div style=\"height:16px\" aria-hidden=\"true\" class=\"wp-block-spacer\"><\/div>\n\n\n\n<div class=\"wp-block-themepark-block-btn themepark-i-btn-out\" style=\"text-align:undefined;\"><div class=\"themepark-i-btn-out_ins\" style=\"\"><div class=\"themepark-i-btn-out_in\"><div class=\"themepark-i-btn\" style=\"background-color:#0aa652;color:#ffffff;font-size:14px;border:solid 1px #318ec8;padding:6px 43px;\"><a href=\"https:\/\/www.sgnutri.com\/es\/categoria\/todos-los-productos\/prebiotico\/\" rel=\"noopener noreferrer \">Obtener presupuesto<\/a><a class=\"hovers\" data-title=\"Get Quote\" style=\"color:#318ec8;background-color:#ffffff;padding:6px 43px;\" href=\"https:\/\/www.sgnutri.com\/es\/categoria\/todos-los-productos\/prebiotico\/\" rel=\"noopener noreferrer\" target=\"_self\"><\/a><\/div><\/div><\/div><\/div>\n<\/div>\n<\/div>\n<\/div>\n\n\n\n<div class=\"wp-block-column\" style=\"flex-basis:5%\"><\/div>\n\n\n\n<div class=\"wp-block-column\" style=\"flex-basis:50%\">\n<section class=\"wp-block-themepark-block-themepark-area block_layout thempark-block undefined\" id=\"\" style=\"padding-top:110px;height:300px;box-sizing: border-box;width: 100%;\" data-swiper-parallax=\"-700\"><div class=\"block_layout_in\" style=\"\">\n<div class=\"wp-block-column block_layout_in\">\n<h2 class=\"wp-block-heading has-text-align-center hover-only-title has-themecolor-1-color has-text-color has-link-color wp-elements-6dcb043e5f0a710efa5e014da6febeb2\" style=\"font-size:30px\"><span class=\"ez-toc-section\" id=\"Prebiotic\"><\/span><strong><strong>Prebi\u00f3tico<\/strong><\/strong><span class=\"ez-toc-section-end\"><\/span><\/h2>\n<\/div>\n<\/div><div class=\"layout_badh\"><div class=\"PcOnly themepark-block_layout_ba lazyload swiper-lazy\" style=\"background-repeat:no-repeat;background-size:cover;\" data-background=\"https:\/\/www.sgnutri.com\/wp-content\/uploads\/2025\/12\/\u672a\u6807\u9898-5.png\"><\/div><div class=\"MovePnly themepark-block_layout_ba lazyload swiper-move-lazy\" style=\"background-repeat:no-repeat;background-size:cover;\" data-background=\"https:\/\/www.sgnutri.com\/wp-content\/uploads\/2025\/12\/\u672a\u6807\u9898-5.png\"><\/div><\/div><\/section>\n<\/div>\n<\/div>\n<\/div>\n<\/div><div class=\"layout_badh\"><\/div><\/section>\n\n\n\n<div style=\"height:30px\" aria-hidden=\"true\" class=\"wp-block-spacer\"><\/div>\n\n\n\n<div style=\"height:30px\" aria-hidden=\"true\" class=\"wp-block-spacer\"><\/div>\n\n\n\n<section class=\"wp-block-themepark-block-themepark-area block_layout thempark-block undefined  product-demo1\" id=\"maxw\" style=\"\" data-swiper-parallax=\"-700\"><div class=\"block_layout_in clomnsmal  clomnnone\" style=\"\">\n<div class=\"wp-block-column block_layout_in\">\n<div class=\"wp-block-columns\">\n<div class=\"wp-block-column\">\n<div class=\"wp-block-themepark-block-themepark-wright content-super-p\" style=\"font-size:14px;line-height:25px;color:#333333;padding:20px 20px;\">\n<div class=\"wp-block-column\">\n<p class=\"has-themecolor-1-color has-text-color has-link-color has-medium-font-size wp-elements-9c16a18866d3d60738f810938ceef076\"><strong>Vitaminas<\/strong><\/p>\n\n\n\n<div style=\"height:10px\" aria-hidden=\"true\" class=\"wp-block-spacer\"><\/div>\n\n\n\n<p><br>Las vitaminas son micronutrientes org\u00e1nicos esenciales, clasificados en formas hidrosolubles y liposolubles, que regulan procesos fisiol\u00f3gicos cr\u00edticos como el metabolismo, la inmunidad y la coagulaci\u00f3n.  Debido a su sensibilidad a la luz, el calor y la humedad, <\/p>\n\n\n\n<div style=\"height:16px\" aria-hidden=\"true\" class=\"wp-block-spacer\"><\/div>\n\n\n\n<div class=\"wp-block-themepark-block-btn themepark-i-btn-out\" style=\"text-align:undefined;\"><div class=\"themepark-i-btn-out_ins\" style=\"\"><div class=\"themepark-i-btn-out_in\"><div class=\"themepark-i-btn\" style=\"background-color:#0aa652;color:#ffffff;font-size:14px;border:solid 1px #318ec8;padding:6px 43px;\"><a href=\"https:\/\/www.sgnutri.com\/es\/categoria\/todos-los-productos\/viatmins\/\" rel=\"noopener noreferrer \">Obtener presupuesto<\/a><a class=\"hovers\" data-title=\"Get Quote\" style=\"color:#318ec8;background-color:#ffffff;padding:6px 43px;\" href=\"https:\/\/www.sgnutri.com\/es\/categoria\/todos-los-productos\/viatmins\/\" rel=\"noopener noreferrer\" target=\"_self\"><\/a><\/div><\/div><\/div><\/div>\n<\/div>\n<\/div>\n<\/div>\n\n\n\n<div class=\"wp-block-column\" style=\"flex-basis:5%\"><\/div>\n\n\n\n<div class=\"wp-block-column\" style=\"flex-basis:50%\">\n<section class=\"wp-block-themepark-block-themepark-area block_layout thempark-block undefined\" id=\"\" style=\"padding-top:110px;height:300px;box-sizing: border-box;width: 100%;\" data-swiper-parallax=\"-700\"><div class=\"block_layout_in\" style=\"\">\n<div class=\"wp-block-column block_layout_in\">\n<h2 class=\"wp-block-heading has-text-align-center hover-only-title has-themecolor-1-color has-text-color has-link-color wp-elements-cb59af2c229b8669dc39731809bb0a5b\" style=\"font-size:30px\"><span class=\"ez-toc-section\" id=\"Vitamins\"><\/span><strong>Vitaminas<\/strong><span class=\"ez-toc-section-end\"><\/span><\/h2>\n<\/div>\n<\/div><div class=\"layout_badh\"><div class=\"PcOnly themepark-block_layout_ba lazyload swiper-lazy\" style=\"background-repeat:no-repeat;background-size:cover;background-position:center;\" data-background=\"https:\/\/www.sgnutri.com\/wp-content\/uploads\/2025\/12\/\u672a\u6807\u9898-3.png\"><\/div><div class=\"MovePnly themepark-block_layout_ba lazyload swiper-move-lazy\" style=\"background-repeat:no-repeat;background-size:cover;background-position:center;\" data-background=\"https:\/\/www.sgnutri.com\/wp-content\/uploads\/2025\/12\/\u672a\u6807\u9898-3.png\"><\/div><\/div><\/section>\n<\/div>\n<\/div>\n<\/div>\n<\/div><div class=\"layout_badh\"><\/div><\/section>\n\n\n\n<style>\n.product-demo1{\n  border:1px solid #D4D4D4;\n}\n\n\/* \u533a\u5757\u6574\u4f53 hover \u80cc\u666f + \u6587\u5b57\u53d8\u767d *\/\n.product-demo1 {\n    transition: background-color 0.45s ease;\n}\n\n.product-demo1:hover {\n    background-color: var(--wp--preset--color--themecolor-1);\n}\n\n\/* \u5de6\u4fa7\u6240\u6709\u6587\u5b57 hover \u540e\u5f3a\u5236\u767d\u8272 *\/\n.product-demo1:hover .content-super-p,\n.product-demo1:hover .content-super-p p,\n.product-demo1:hover .content-super-p strong,\n.product-demo1:hover .content-super-p .has-medium-font-size {\n    color: #ffffff !important;\n}\n\n\/* \u6309\u94ae\uff1a\u521d\u59cb\u4e3b\u9898\u8272\u5e95+\u767d\u5b57 \u2192 hover \u767d\u5e95+\u4e3b\u9898\u8272\u5b57 *\/\n.product-demo1 .themepark-i-btn {\n    background-color: var(--wp--preset--color--themecolor-1) !important;\n    color: #ffffff !important;\n    border-color: var(--wp--preset--color--themecolor-1) !important;\n    transition: all 0.4s ease;\n}\n\n.product-demo1:hover .themepark-i-btn {\n    background-color: #ffffff !important;\n    color: var(--wp--preset--color--themecolor-1) !important;\n    border-color: var(--wp--preset--color--themecolor-1) !important;\n}\n\n\/* \u2500\u2500\u2500 \u53f3\u4fa7\u56fe\u7247\u533a\u57df\uff1a\u906e\u7f69 + hover-only-title \u2500\u2500\u2500 *\/\n\n.PcOnly.themepark-block_layout_ba {\n    position: relative;           \/* \u5173\u952e\uff1a\u8ba9 ::before \u548c\u5b50\u5143\u7d20\u5b9a\u4f4d *\/\n}\n\n\/* \u906e\u7f69\u5c42\uff1a\u521d\u59cb\u5b8c\u5168\u900f\u660e *\/\n.PcOnly.themepark-block_layout_ba::before {\n    content: \"\";\n    position: absolute;\n    inset: 0;\n    background-color: #000;\n    opacity: 0;\n    transition: opacity 0.5s ease;\n    z-index: 1;\n    pointer-events: none;\n}\n\n\/* hover \u540e\u663e\u793a 30% \u906e\u7f69 *\/\n.product-demo1:hover .PcOnly.themepark-block_layout_ba::before {\n    opacity: 0.3;\n}\n\n\/* hover-only-title\uff1a\u521d\u59cb\u9690\u85cf *\/\n.hover-only-title {\n    opacity: 0;\n    visibility: hidden;\n    transform: translateY(30px);           \/* \u7a0d\u5fae\u5411\u4e0b\u504f\u79fb\uff0c\u589e\u52a0\u51fa\u73b0\u65f6\u7684\u52a8\u6001 *\/\n    transition: all 0.55s ease;\n    z-index: 2;                            \/* \u786e\u4fdd\u5728\u906e\u7f69\u4e0a\u9762 *\/\n    position: relative;                    \/* \u76f8\u5bf9\u5b9a\u4f4d\uff0c\u907f\u514d\u88ab ::before \u76d6\u4f4f *\/\n    text-shadow: 0 3px 12px rgba(0,0,0,0.7);\n}\n\n\/* \u533a\u5757 hover \u540e\uff1a\u663e\u793a\u6807\u9898 + \u5f52\u4f4d + \u52a8\u753b *\/\n.product-demo1:hover .hover-only-title {\n    opacity: 1;\n    visibility: visible;\n    transform: translateY(0);\n}\n\n\/* \u53ef\u9009\uff1ahover \u65f6\u8ba9\u6807\u9898\u66f4\u7a81\u51fa\uff08\u8f7b\u5fae\u653e\u5927\uff09 *\/\n.product-demo1:hover .hover-only-title {\n    transform: translateY(0) scale(1.05);\n}\n<\/style>\n<\/div>\n<\/div><div class=\"layout_badh\"><\/div><\/section>\n\n\n\n<h2 class=\"wp-block-heading\"><span class=\"ez-toc-section\" id=\"Reversibility_And_Supplementary_Recommendations\"><\/span>Reversibilidad y recomendaciones complementarias<span class=\"ez-toc-section-end\"><\/span><\/h2>\n\n\n\n<p>Aunque la asociaci\u00f3n entre la vitamina D y los mareos es fuerte, con la intervenci\u00f3n de la medicina funcional, los resultados suelen ser muy positivos.<\/p>\n\n\n\n<p>Los ensayos cl\u00ednicos citados por PubMed muestran que corregir la deficiencia de vitamina D puede reducir significativamente la tasa de recurrencia del VPPB. No se trata de una simple pastilla, sino de restablecer los niveles s\u00e9ricos al rango \u00f3ptimo (normalmente se recomienda por encima de 30 ng\/mL, o incluso m\u00e1s en algunos individuos) para ayudar a regenerar la densidad de los otolitos, mejorar la funci\u00f3n muscular y estabilizar los mecanismos de regulaci\u00f3n de la presi\u00f3n arterial.<\/p>\n\n\n\n<p>Cl\u00e1usula de exenci\u00f3n de responsabilidad: Este art\u00edculo tiene car\u00e1cter meramente informativo y no constituye asesoramiento m\u00e9dico. Los mareos y el v\u00e9rtigo tienen muchas causas. Consulte a un profesional de la salud antes de iniciar cualquier nuevo r\u00e9gimen de vitaminas o suplementos para asegurarse de que es seguro y apropiado para sus necesidades de salud espec\u00edficas. Si experimenta mareos intensos o desmayos, busque atenci\u00f3n m\u00e9dica inmediatamente.<\/p>\n\n\n\n<p>Fuentes<\/p>\n\n\n\n<ol class=\"wp-block-list\">\n<li>Wang, L., &amp; Zhang, S. (2014). Mechanisms of maternally-derived innate immunity in teleost fishes. Fronteras de la inmunolog\u00eda, 5, 466.&nbsp;<a href=\"https:\/\/www.google.com\/url?sa=E&amp;q=https%3A%2F%2Fpmc.ncbi.nlm.nih.gov%2Farticles%2FPMC4196321%2F\" target=\"_blank\" rel=\"noreferrer noopener nofollow\">https:\/\/pmc.ncbi.nlm.nih.gov\/articles\/PMC4196321\/<\/a><\/li>\n<\/ol>\n<\/div>\n<\/div>\n\n\n\n<p><strong>Autor<\/strong>\uff1a <strong>Sarah Bennett<\/strong><\/p>\n\n\n\n<p>&nbsp;Como investigadora m\u00e9dica especializada en salud vestibular y bioqu\u00edmica nutricional, me dedico a analizar datos cl\u00ednicos para ayudar a los pacientes a comprender las causas profundas de la inestabilidad. Mis escritos se centran en salvar las distancias entre estudios complejos, garantizando que usted disponga de informaci\u00f3n respaldada cient\u00edficamente para restablecer su equilibrio.<\/p>","protected":false},"excerpt":{"rendered":"<p>Autora\uff1a Sarah Bennett Como investigadora m\u00e9dica especializada en salud vestibular y bioqu\u00edmica nutricional, me dedico a analizar datos cl\u00ednicos para ayudar a los pacientes a comprender las causas fundamentales de la inestabilidad. Mis escritos se centran en tender puentes entre estudios complejos, asegur\u00e1ndome de que dispones de informaci\u00f3n respaldada cient\u00edficamente para recuperar el equilibrio.<\/p>","protected":false},"author":1,"featured_media":47239,"comment_status":"open","ping_status":"open","sticky":false,"template":"","format":"standard","meta":{"_acf_changed":false,"themepark_post_bcolor":"#ffffff","themepark_post_width":"1022px","themepark_post_img":"","themepark_post_img_po":"left","themepark_post_img_re":false,"themepark_post_img_cover":false,"themepark_post_img_fixed":false,"themepark_post_hide_title":false,"themepark_post_main_b":"#ffffff","themepark_post_main_p":100,"themepark_paddingblock":true,"footnotes":""},"categories":[66],"tags":[],"class_list":["post-47238","post","type-post","status-publish","format-standard","has-post-thumbnail","hentry","category-huishou"],"metadata":{"_edit_lock":["1772504221:1"],"rank_math_seo_score":["23"],"rank_math_primary_category":["66"],"_thumbnail_id":["47239"],"themepark_post_bcolor":["#ffffff"],"themepark_post_width":["1022px"],"themepark_post_img":[""],"themepark_post_img_po":["left"],"themepark_post_img_re":[""],"themepark_post_img_cover":[""],"themepark_post_img_fixed":[""],"themepark_post_hide_title":[""],"themepark_post_main_b":["#ffffff"],"themepark_post_main_p":["100"],"themepark_paddingblock":["1"],"footnotes":[""],"_edit_last":["1"],"_ez-toc-disabled":[""],"_ez-toc-insert":[""],"_ez-toc-header-label":[""],"_ez-toc-device-target":[""],"_ez-toc-alignment":["none"],"_ez-toc-heading-levels":["a:0:{}"],"_ez-toc-alttext":[""],"_ez-toc-visibility_hide_by_default":[""],"_ez-toc-hide_counter":[""],"_ez-toc-exclude":[""],"_ez-toc-position-specific":[""],"themepark_seo_title":["Does Low Vitamin D Make You Dizzy"],"themepark_seo_description":["Yes, Low Vitamin D Can Cause Dizziness And Vertigo (BPPV) By Affecting Inner Ear Crystals. Discover The Research And Relief."],"themepark_seo_keyword":["Does Low Vitamin D Make You Dizzy"],"catce":["sidebar-widgets4"],"_trp_automatically_translated_slug_ar":["\u0647\u0644-\u064a\u0633\u0628\u0628-\u0627\u0646\u062e\u0641\u0627\u0636-\u0641\u064a\u062a\u0627\u0645\u064a\u0646-\u062f-\u0627\u0644\u062f\u0648\u0627\u0631\u061f"],"_trp_automatically_translated_slug_de_DE":["macht-ein-niedriger-vitamin-d-spiegel-schwindelig"],"_trp_automatically_translated_slug_es_ES":["la-vitamina-d-baja-produce-mareos"],"_trp_automatically_translated_slug_fr_FR":["linsuffisance-de-vitamine-d-provoque-t-elle-des-vertiges"],"_trp_automatically_translated_slug_ja":["\u30d3\u30bf\u30df\u30f3d\u304c\u5c11\u306a\u3044\u3068\u3081\u307e\u3044\u304c\u3059\u308b"],"views":["474"],"_trp_automatically_translated_slug_it_IT":["la-vitamina-d-bassa-fa-venire-le-vertigini"],"_trp_automatically_translated_slug_ko_KR":["\ube44\ud0c0\ubbfc-d\uac00-\ubd80\uc871\ud558\uba74-\uc5b4\uc9c0\ub7ec\uc6cc\uc9c0\ub098\uc694"],"aggregated_titles":[""],"_aggregated_titles":["field_698ad8fabfec6"],"aggregate_description":[""],"_aggregate_description":["field_698ad913bfec7"],"polymer_product_sku1":[""],"_polymer_product_sku1":["field_698ad932bfec8"],"polymer_product_sku2":[""],"_polymer_product_sku2":["field_698ad93dbfec9"],"polymer_product_sku3":[""],"_polymer_product_sku3":["field_698ad941bfeca"],"aggregated_product_titles1":[""],"_aggregated_product_titles1":["field_698ad945bfecb"],"aggregated_product_titles2":[""],"_aggregated_product_titles2":["field_698ad94dbfecc"],"aggregated_product_titles3":[""],"_aggregated_product_titles3":["field_698ad954bfecd"],"aggregated_product_description1":[""],"_aggregated_product_description1":["field_698ad957bfece"],"aggregated_product_description2":[""],"_aggregated_product_description2":["field_698ad961bfecf"],"aggregated_product_description3":[""],"_aggregated_product_description3":["field_698ad965bfed0"],"polymerization_characteristics_tittle":[""],"_polymerization_characteristics_tittle":["field_699d3c712ad62"],"polymerization_characteristics1":[""],"_polymerization_characteristics1":["field_699d3c742ad63"],"polymerization_characteristics2":[""],"_polymerization_characteristics2":["field_699d3c7d2ad64"],"polymerization_characteristics3":[""],"_polymerization_characteristics3":["field_699d3c802ad65"],"polymerization_characteristics4":[""],"_polymerization_characteristics4":["field_699d3c842ad66"],"polymerization_characteristics5":[""],"_polymerization_characteristics5":["field_699d3c8d2ad67"],"polymerization_characteristics6":[""],"_polymerization_characteristics6":["field_699d3c902ad68"],"polymerization_characteristics_descr1":[""],"_polymerization_characteristics_descr1":["field_699d3c9a2ad69"],"polymerization_characteristics_descr2":[""],"_polymerization_characteristics_descr2":["field_699d3c9c2ad6a"],"polymerization_characteristics_descr3":[""],"_polymerization_characteristics_descr3":["field_699d3c9f2ad6b"],"polymerization_characteristics_descr4":[""],"_polymerization_characteristics_descr4":["field_699d3ca22ad6c"],"polymerization_characteristics_descr5":[""],"_polymerization_characteristics_descr5":["field_699d3ca52ad6d"],"polymerization_characteristics_descr6":[""],"_polymerization_characteristics_descr6":["field_699d3ca92ad6e"],"aggregated_application_scenarios_tittle":[""],"_aggregated_application_scenarios_tittle":["field_699d3cae2ad6f"],"aggregated_application_scenarios1":[""],"_aggregated_application_scenarios1":["field_699d3cbd2ad70"],"aggregated_application_scenarios2":[""],"_aggregated_application_scenarios2":["field_699d3cc52ad71"],"aggregated_application_scenarios3":[""],"_aggregated_application_scenarios3":["field_699d3cc92ad72"],"aggregated_application_scenarios4":[""],"_aggregated_application_scenarios4":["field_699d3ccc2ad73"],"aggregated_application_scenarios5":[""],"_aggregated_application_scenarios5":["field_699d3cd02ad74"],"aggregated_application_scenarios6":[""],"_aggregated_application_scenarios6":["field_699d3cd42ad75"],"product_title":[""],"_product_title":["field_696dddd18cafe"],"product_description":[""],"_product_description":["field_696ddded8caff"],"product_parameter1":[""],"_product_parameter1":["field_696dddf48cb00"],"product_parameter2":[""],"_product_parameter2":["field_696dddfd8cb01"],"product_parameter3":[""],"_product_parameter3":["field_696dde018cb02"],"product_parameter4":[""],"_product_parameter4":["field_698bf07160199"],"product_parameter5":[""],"_product_parameter5":["field_698bf0746019a"],"product_parameter6":[""],"_product_parameter6":["field_698bf0786019b"],"product_parameter7":[""],"_product_parameter7":["field_698bf07b6019c"],"product_parameter8":[""],"_product_parameter8":["field_698bf07e6019d"],"product_parameter9":[""],"_product_parameter9":["field_698bf0816019e"],"parameter_describ":[""],"_parameter_describ":["field_698bf08a6019f"],"product_parameter_description1":[""],"_product_parameter_description1":["field_696dde048cb03"],"product_parameter_description2":[""],"_product_parameter_description2":["field_696dde0c8cb04"],"product_parameter_description3":[""],"_product_parameter_description3":["field_696dde118cb05"],"product_parameter_description4":[""],"_product_parameter_description4":["field_698bf04f60193"],"product_parameter_description5":[""],"_product_parameter_description5":["field_698bf05560194"],"product_parameter_description6":[""],"_product_parameter_description6":["field_698bf05960195"],"product_parameter_description7":[""],"_product_parameter_description7":["field_698bf05c60196"],"product_parameter_description8":[""],"_product_parameter_description8":["field_698bf05f60197"],"product_parameter_description9":[""],"_product_parameter_description9":["field_698bf06360198"],"characteristics_tittle":[""],"_characteristics_tittle":["field_696dde148cb06"],"characteristics_tittle1":[""],"_characteristics_tittle1":["field_696dde1b8cb07"],"characteristics_tittle2":[""],"_characteristics_tittle2":["field_696dde238cb08"],"characteristics_tittle3":[""],"_characteristics_tittle3":["field_696dde278cb09"],"characteristics_tittle4":[""],"_characteristics_tittle4":["field_696dde2a8cb0a"],"characteristics_tittle5":[""],"_characteristics_tittle5":["field_696dde2e8cb0b"],"characteristics_tittle6":[""],"_characteristics_tittle6":["field_696dde318cb0c"],"characteristics_description1":[""],"_characteristics_description1":["field_696dde368cb0d"],"characteristics_description2":[""],"_characteristics_description2":["field_696dde408cb0e"],"characteristics_description3":[""],"_characteristics_description3":["field_696dde438cb0f"],"characteristics_description4":[""],"_characteristics_description4":["field_696dde468cb10"],"characteristics_description5":[""],"_characteristics_description5":["field_696dde498cb11"],"characteristics_description6":[""],"_characteristics_description6":["field_696dde4d8cb12"],"comparison_points_tittle":[""],"_comparison_points_tittle":["field_696dde528cb13"],"comparison_points_tittle1":[""],"_comparison_points_tittle1":["field_696dde608cb14"],"comparison_points_tittle2":[""],"_comparison_points_tittle2":["field_696dde668cb15"],"comparison_points_tittle3":[""],"_comparison_points_tittle3":["field_696dde6c8cb16"],"comparison_points_description":[""],"_comparison_points_description":["field_696dde708cb17"],"comparison_points_description1":[""],"_comparison_points_description1":["field_696dde888cb18"],"comparison_points_description2":[""],"_comparison_points_description2":["field_696dde908cb19"],"comparison_points_description3":[""],"_comparison_points_description3":["field_696dde948cb1a"],"application_title":[""],"_application_title":["field_696dde988cb1b"],"application_title1":[""],"_application_title1":["field_696ddea68cb1c"],"application_title2":[""],"_application_title2":["field_696ddeb18cb1d"],"application_title3":[""],"_application_title3":["field_696ddeb58cb1e"],"application_title4":[""],"_application_title4":["field_696ddebd8cb1f"],"application_describe1":[""],"_application_describe1":["field_696ddec48cb20"],"application_describe2":[""],"_application_describe2":["field_696dded08cb21"],"application_describe3":[""],"_application_describe3":["field_696dded38cb22"],"application_describe4":[""],"_application_describe4":["field_696dded78cb23"],"instruction_title":[""],"_instruction_title":["field_696ddedb8cb24"],"instruction_title1":[""],"_instruction_title1":["field_696ddee68cb25"],"instruction_title2":[""],"_instruction_title2":["field_696ddef58cb26"],"instruction_title3":[""],"_instruction_title3":["field_696ddef98cb27"],"instruction_title4":[""],"_instruction_title4":["field_696ddefc8cb28"],"instruction_describe1":[""],"_instruction_describe1":["field_696ddeff8cb29"],"instruction_describe2":[""],"_instruction_describe2":["field_696ddf078cb2a"],"instruction_describe3":[""],"_instruction_describe3":["field_696ddf0b8cb2b"],"instruction_describe4":[""],"_instruction_describe4":["field_696ddf0e8cb2c"],"material":[""],"_material":["field_696eed876b2b8"],"material_description":[""],"_material_description":["field_696eed896b2b9"],"pre_and_post_sales_titles":[""],"_pre_and_post_sales_titles":["field_696eed906b2ba"],"after_sales_service_title":[""],"_after_sales_service_title":["field_696eeda36b2bb"],"before_sales_service_title":[""],"_before_sales_service_title":["field_696eedbb6b2bc"],"after_sales_service_describe":[""],"_after_sales_service_describe":["field_696eedc86b2bd"],"before_sales_service_describe":[""],"_before_sales_service_describe":["field_696eedcf6b2be"],"faq_question1":[""],"_faq_question1":["field_696eedd56b2bf"],"faq_question2":[""],"_faq_question2":["field_696eedee6b2c0"],"faq_question3":[""],"_faq_question3":["field_696eedf36b2c1"],"faq_question4":[""],"_faq_question4":["field_696eedf76b2c2"],"faq_question5":[""],"_faq_question5":["field_696eedfb6b2c3"],"faq_question6":[""],"_faq_question6":["field_696eedfe6b2c4"],"faq_answer1":[""],"_faq_answer1":["field_696eee026b2c5"],"faq_answer2":[""],"_faq_answer2":["field_696eee0b6b2c6"],"faq_answer3":[""],"_faq_answer3":["field_696eee0e6b2c7"],"faq_answer4":[""],"_faq_answer4":["field_696eee126b2c8"],"faq_answer5":[""],"_faq_answer5":["field_696eee156b2c9"],"faq_answer6":[""],"_faq_answer6":["field_696eee196b2ca"],"detailed_specifications_table":[""],"_detailed_specifications_table":["field_697738b0ef515"]},"acf":[],"medium_url":"https:\/\/www.sgnutri.com\/wp-content\/uploads\/2026\/01\/image-29-300x149.png","thumbnail_url":"https:\/\/www.sgnutri.com\/wp-content\/uploads\/2026\/01\/image-29-150x150.png","full_url":"https:\/\/www.sgnutri.com\/wp-content\/uploads\/2026\/01\/image-29.png","_links":{"self":[{"href":"https:\/\/www.sgnutri.com\/es\/wp-json\/wp\/v2\/posts\/47238","targetHints":{"allow":["GET"]}}],"collection":[{"href":"https:\/\/www.sgnutri.com\/es\/wp-json\/wp\/v2\/posts"}],"about":[{"href":"https:\/\/www.sgnutri.com\/es\/wp-json\/wp\/v2\/types\/post"}],"author":[{"embeddable":true,"href":"https:\/\/www.sgnutri.com\/es\/wp-json\/wp\/v2\/users\/1"}],"replies":[{"embeddable":true,"href":"https:\/\/www.sgnutri.com\/es\/wp-json\/wp\/v2\/comments?post=47238"}],"version-history":[{"count":2,"href":"https:\/\/www.sgnutri.com\/es\/wp-json\/wp\/v2\/posts\/47238\/revisions"}],"predecessor-version":[{"id":48351,"href":"https:\/\/www.sgnutri.com\/es\/wp-json\/wp\/v2\/posts\/47238\/revisions\/48351"}],"wp:featuredmedia":[{"embeddable":true,"href":"https:\/\/www.sgnutri.com\/es\/wp-json\/wp\/v2\/media\/47239"}],"wp:attachment":[{"href":"https:\/\/www.sgnutri.com\/es\/wp-json\/wp\/v2\/media?parent=47238"}],"wp:term":[{"taxonomy":"category","embeddable":true,"href":"https:\/\/www.sgnutri.com\/es\/wp-json\/wp\/v2\/categories?post=47238"},{"taxonomy":"post_tag","embeddable":true,"href":"https:\/\/www.sgnutri.com\/es\/wp-json\/wp\/v2\/tags?post=47238"}],"curies":[{"name":"wp","href":"https:\/\/api.w.org\/{rel}","templated":true}]}}