{"id":48405,"date":"2026-03-06T10:53:58","date_gmt":"2026-03-06T02:53:58","guid":{"rendered":"https:\/\/www.sgnutri.com\/?p=48405"},"modified":"2026-03-06T10:54:10","modified_gmt":"2026-03-06T02:54:10","slug":"faut-il-prendre-des-prebiotiques-ou-des-probiotiques","status":"publish","type":"post","link":"https:\/\/www.sgnutri.com\/fr\/faut-il-prendre-des-prebiotiques-ou-des-probiotiques\/","title":{"rendered":"Dois-je prendre des pr\u00e9biotiques ou des probiotiques ?"},"content":{"rendered":"<div class=\"wp-block-themepark-block-themepark-wright content-super-p  blog-jiange\" style=\"font-size:17px;line-height:28px;color:#211c1c;padding:10px 20px;\">\n<div class=\"wp-block-column\">\n<p>En fait, les deux sont indispensables dans l'alimentation. Les pr\u00e9biotiques sont les \u201crations\u201d des probiotiques, tandis que les probiotiques sont directement compl\u00e9t\u00e9s par des bact\u00e9ries b\u00e9n\u00e9fiques. Seule une double approche permet de stabiliser v\u00e9ritablement l'environnement intestinal.<\/p>\n\n\n\n<figure class=\"wp-block-image size-large\"><img loading=\"lazy\" decoding=\"async\" width=\"1024\" height=\"444\" src=\"https:\/\/www.sgnutri.com\/wp-content\/uploads\/2026\/03\/image-7-1024x444.png\" alt=\"Un intestin sain\" class=\"wp-image-48406\" srcset=\"https:\/\/www.sgnutri.com\/wp-content\/uploads\/2026\/03\/image-7-1024x444.png 1024w, https:\/\/www.sgnutri.com\/wp-content\/uploads\/2026\/03\/image-7-300x130.png 300w, https:\/\/www.sgnutri.com\/wp-content\/uploads\/2026\/03\/image-7-768x333.png 768w, https:\/\/www.sgnutri.com\/wp-content\/uploads\/2026\/03\/image-7-18x8.png 18w, https:\/\/www.sgnutri.com\/wp-content\/uploads\/2026\/03\/image-7.png 1123w\" sizes=\"auto, (max-width: 1024px) 100vw, 1024px\" \/><\/figure>\n\n\n\n<h2 class=\"wp-block-heading\"><span class=\"ez-toc-section\" id=\"Clarifying_The_Concept_Prebiotics_Vs_Probiotics\"><\/span>Clarifier le concept : Pr\u00e9biotiques et probiotiques<span class=\"ez-toc-section-end\"><\/span><\/h2>\n\n\n\n<p>Pour r\u00e9parer les intestins et l'estomac, il faut d'abord comprendre leurs r\u00f4les respectifs :<\/p>\n\n\n\n<p>Pr\u00e9biotiques (carburant intestinal) : On peut les consid\u00e9rer comme de l'engrais intestinal. En fait, le corps humain ne peut pas dig\u00e9rer ces fibres v\u00e9g\u00e9tales sp\u00e9ciales, elles atteignent directement la partie inf\u00e9rieure du tube digestif, sp\u00e9cifiquement pour que les bonnes bact\u00e9ries fournissent de l'\u00e9nergie. Les pr\u00e9biotiques contribuent davantage \u00e0 la construction \u00e0 long terme de la sant\u00e9 intestinale, car ils permettent \u00e0 votre \u00e9cosyst\u00e8me interne de devenir \u201cautosuffisant\u201d.<\/p>\n\n\n\n<p>Mangez souvent des oignons, de l'ail, de l'avoine, des bananes et des haricots.<\/p>\n\n\n\n<p>Les probiotiques (bact\u00e9ries b\u00e9n\u00e9fiques) : Il s'agit de \u201cbonnes bact\u00e9ries\u201d vivantes. Lorsque la flore intestinale est d\u00e9s\u00e9quilibr\u00e9e en raison du stress, d'un r\u00e9gime alimentaire inadapt\u00e9 ou de la prise de m\u00e9dicaments, la suppl\u00e9mentation directe en probiotiques revient \u00e0 injecter des \u201crenforts\u201d dans le syst\u00e8me afin de r\u00e9tablir rapidement la diversit\u00e9.<\/p>\n\n\n\n<p>Ils sont souvent consomm\u00e9s : yaourt, k\u00e9fir, choucroute, cornichons et autres aliments ferment\u00e9s.<\/p>\n\n\n\n<h2 class=\"wp-block-heading\"><span class=\"ez-toc-section\" id=\"When_Should_You_Prioritize_Which_One\"><\/span>Quand faut-il donner la priorit\u00e9 \u00e0 l'un ou \u00e0 l'autre ?<span class=\"ez-toc-section-end\"><\/span><\/h2>\n\n\n\n<p>L'\u00e9quilibre alimentaire est une loi d'airain, mais dans certaines situations, il faut apprendre \u00e0 \u201cs'adapter aux conditions locales\u201d :<\/p>\n\n\n\n<p>Quand faut-il privil\u00e9gier les probiotiques ? Pendant ou apr\u00e8s la prise d'antibiotiques. Bien que les antibiotiques soient tr\u00e8s bact\u00e9ricides, ce sont des \u201cattaques indiscrimin\u00e9es\u201d et ils vont tuer en m\u00eame temps les bonnes bact\u00e9ries du tractus intestinal. Pendant cette p\u00e9riode particuli\u00e8re, la suppl\u00e9mentation en probiotiques peut aider votre flore intestinale \u00e0 se \u201creconstruire\u201d le plus rapidement possible \u201c.<\/p>\n\n\n\n<p>Quand faut-il privil\u00e9gier les pr\u00e9biotiques ? Les pr\u00e9biotiques devraient \u00eatre la pierre angulaire de votre alimentation quotidienne. Si vous recherchez une r\u00e9gularit\u00e9 intestinale et une stabilit\u00e9 du syst\u00e8me immunitaire \u00e0 long terme, la consommation de pr\u00e9biotiques dans le cadre d'un r\u00e9gime riche en fibres est la solution la plus rentable et la plus durable.<\/p>\n\n\n\n<section class=\"wp-block-themepark-block-themepark-area block_layout thempark-block undefined\" id=\"maxw\" style=\"padding-bottom:100px;padding-top:100px;\" data-swiper-parallax=\"-700\"><div class=\"block_layout_in clomnsmal  clomnnone\" style=\"\">\n<div class=\"wp-block-column block_layout_in\">\n<p class=\"has-text-align-center has-themecolor-1-color has-text-color has-link-color has-large-font-size wp-elements-a412b82537ce59baad06b01a96b3c1d2\"><strong>\u00c0 la pointe de la nutrition<\/strong><\/p>\n\n\n\n<div style=\"height:30px\" aria-hidden=\"true\" class=\"wp-block-spacer\"><\/div>\n\n\n\n<section class=\"wp-block-themepark-block-themepark-area block_layout thempark-block undefined  product-demo1\" id=\"maxw\" style=\"\" data-swiper-parallax=\"-700\"><div class=\"block_layout_in clomnsmal  clomnnone\" style=\"\">\n<div class=\"wp-block-column block_layout_in\">\n<div class=\"wp-block-columns\">\n<div class=\"wp-block-column\">\n<div class=\"wp-block-themepark-block-themepark-wright content-super-p\" style=\"font-size:14px;line-height:25px;color:#333333;padding:20px 20px;\">\n<div class=\"wp-block-column\">\n<p class=\"has-themecolor-1-color has-text-color has-link-color has-medium-font-size wp-elements-abc467a7e19bc0b8f4faebef530f0542\"><strong><strong><strong><strong><strong><strong>Fibres solubles<\/strong><\/strong><\/strong><\/strong><\/strong><\/strong><\/p>\n\n\n\n<div style=\"height:10px\" aria-hidden=\"true\" class=\"wp-block-spacer\"><\/div>\n\n\n\n<p>La fibre soluble est un ingr\u00e9dient alimentaire tr\u00e8s stable et indigeste qui favorise le contr\u00f4le du poids en augmentant la sati\u00e9t\u00e9 et en r\u00e9duisant la prise alimentaire. D'application polyvalente, elle est largement utilis\u00e9e pour am\u00e9liorer le profil nutritionnel et la texture des aliments, des boissons et des produits de sant\u00e9.<\/p>\n\n\n\n<div style=\"height:16px\" aria-hidden=\"true\" class=\"wp-block-spacer\"><\/div>\n\n\n\n<div class=\"wp-block-themepark-block-btn themepark-i-btn-out\" style=\"text-align:undefined;\"><div class=\"themepark-i-btn-out_ins\" style=\"\"><div class=\"themepark-i-btn-out_in\"><div class=\"themepark-i-btn\" style=\"background-color:#0aa652;color:#ffffff;font-size:14px;border:solid 1px #318ec8;padding:6px 43px;\"><a href=\"https:\/\/www.sgnutri.com\/fr\/categorie\/tous-les-produits\/fibres-solubles\/\" rel=\"noopener noreferrer \">Obtenir un devis<\/a><a class=\"hovers\" data-title=\"Get Quote\" style=\"color:#318ec8;background-color:#ffffff;padding:6px 43px;\" href=\"https:\/\/www.sgnutri.com\/fr\/categorie\/tous-les-produits\/fibres-solubles\/\" rel=\"noopener noreferrer\" target=\"_self\"><\/a><\/div><\/div><\/div><\/div>\n<\/div>\n<\/div>\n<\/div>\n\n\n\n<div class=\"wp-block-column\" style=\"flex-basis:5%\"><\/div>\n\n\n\n<div class=\"wp-block-column\" style=\"flex-basis:50%\">\n<section class=\"wp-block-themepark-block-themepark-area block_layout thempark-block undefined\" id=\"\" style=\"padding-top:110px;height:300px;box-sizing: border-box;width: 100%;\" data-swiper-parallax=\"-700\"><div class=\"block_layout_in\" style=\"\">\n<div class=\"wp-block-column block_layout_in\">\n<h2 class=\"wp-block-heading has-text-align-center hover-only-title has-themecolor-1-color has-text-color has-link-color wp-elements-b45b7f3fb95a8220ad5d673dd5e4fc25\" style=\"font-size:30px\"><span class=\"ez-toc-section\" id=\"Soluble_Fiber\"><\/span><strong><strong><strong><strong><strong>Fibres solubles<\/strong><\/strong><\/strong><\/strong><\/strong><span class=\"ez-toc-section-end\"><\/span><\/h2>\n<\/div>\n<\/div><div class=\"layout_badh\"><div class=\"PcOnly themepark-block_layout_ba lazyload swiper-lazy\" style=\"background-repeat:no-repeat;background-size:cover;\" data-background=\"https:\/\/www.sgnutri.com\/wp-content\/uploads\/2025\/12\/\u672a\u6807\u9898-2.png\"><\/div><div class=\"MovePnly themepark-block_layout_ba lazyload swiper-move-lazy\" style=\"background-repeat:no-repeat;background-size:cover;\" data-background=\"https:\/\/www.sgnutri.com\/wp-content\/uploads\/2025\/12\/\u672a\u6807\u9898-2.png\"><\/div><\/div><\/section>\n<\/div>\n<\/div>\n<\/div>\n<\/div><div class=\"layout_badh\"><\/div><\/section>\n\n\n\n<div style=\"height:30px\" aria-hidden=\"true\" class=\"wp-block-spacer\"><\/div>\n\n\n\n<section class=\"wp-block-themepark-block-themepark-area block_layout thempark-block undefined  product-demo1\" id=\"maxw\" style=\"\" data-swiper-parallax=\"-700\"><div class=\"block_layout_in clomnsmal  clomnnone\" style=\"\">\n<div class=\"wp-block-column block_layout_in\">\n<div class=\"wp-block-columns\">\n<div class=\"wp-block-column\">\n<div class=\"wp-block-themepark-block-themepark-wright content-super-p\" style=\"font-size:14px;line-height:25px;color:#333333;padding:20px 20px;\">\n<div class=\"wp-block-column\">\n<p class=\"has-themecolor-1-color has-text-color has-link-color has-medium-font-size wp-elements-04e1b3374feb268aed97152a1f9aac63\"><strong><strong>Pr\u00e9biotique<\/strong><\/strong><\/p>\n\n\n\n<div style=\"height:10px\" aria-hidden=\"true\" class=\"wp-block-spacer\"><\/div>\n\n\n\n<p>Un pr\u00e9biotique fonctionne comme un facteur de prolif\u00e9ration qui est d\u00e9grad\u00e9 et utilis\u00e9 de mani\u00e8re s\u00e9lective par des bact\u00e9ries intestinales b\u00e9n\u00e9fiques, telles que&nbsp;<em>Bifidobact\u00e9ries<\/em>. Ce processus exerce un effet positif sur la sant\u00e9 humaine en g\u00e9n\u00e9ral, souvent accompagn\u00e9 d'avantages m\u00e9taboliques tels qu'un faible impact calorique et des fluctuations minimes de la glyc\u00e9mie en raison de leur stabilit\u00e9 digestive unique.<\/p>\n\n\n\n<div style=\"height:16px\" aria-hidden=\"true\" class=\"wp-block-spacer\"><\/div>\n\n\n\n<div class=\"wp-block-themepark-block-btn themepark-i-btn-out\" style=\"text-align:undefined;\"><div class=\"themepark-i-btn-out_ins\" style=\"\"><div class=\"themepark-i-btn-out_in\"><div class=\"themepark-i-btn\" style=\"background-color:#0aa652;color:#ffffff;font-size:14px;border:solid 1px #318ec8;padding:6px 43px;\"><a href=\"https:\/\/www.sgnutri.com\/fr\/categorie\/tous-les-produits\/prebiotique\/\" rel=\"noopener noreferrer \">Obtenir un devis<\/a><a class=\"hovers\" data-title=\"Get Quote\" style=\"color:#318ec8;background-color:#ffffff;padding:6px 43px;\" href=\"https:\/\/www.sgnutri.com\/fr\/categorie\/tous-les-produits\/prebiotique\/\" rel=\"noopener noreferrer\" target=\"_self\"><\/a><\/div><\/div><\/div><\/div>\n<\/div>\n<\/div>\n<\/div>\n\n\n\n<div class=\"wp-block-column\" style=\"flex-basis:5%\"><\/div>\n\n\n\n<div class=\"wp-block-column\" style=\"flex-basis:50%\">\n<section class=\"wp-block-themepark-block-themepark-area block_layout thempark-block undefined\" id=\"\" style=\"padding-top:110px;height:300px;box-sizing: border-box;width: 100%;\" data-swiper-parallax=\"-700\"><div class=\"block_layout_in\" style=\"\">\n<div class=\"wp-block-column block_layout_in\">\n<h2 class=\"wp-block-heading has-text-align-center hover-only-title has-themecolor-1-color has-text-color has-link-color wp-elements-6dcb043e5f0a710efa5e014da6febeb2\" style=\"font-size:30px\"><span class=\"ez-toc-section\" id=\"Prebiotic\"><\/span><strong><strong>Pr\u00e9biotique<\/strong><\/strong><span class=\"ez-toc-section-end\"><\/span><\/h2>\n<\/div>\n<\/div><div class=\"layout_badh\"><div class=\"PcOnly themepark-block_layout_ba lazyload swiper-lazy\" style=\"background-repeat:no-repeat;background-size:cover;\" data-background=\"https:\/\/www.sgnutri.com\/wp-content\/uploads\/2025\/12\/\u672a\u6807\u9898-5.png\"><\/div><div class=\"MovePnly themepark-block_layout_ba lazyload swiper-move-lazy\" style=\"background-repeat:no-repeat;background-size:cover;\" data-background=\"https:\/\/www.sgnutri.com\/wp-content\/uploads\/2025\/12\/\u672a\u6807\u9898-5.png\"><\/div><\/div><\/section>\n<\/div>\n<\/div>\n<\/div>\n<\/div><div class=\"layout_badh\"><\/div><\/section>\n\n\n\n<div style=\"height:30px\" aria-hidden=\"true\" class=\"wp-block-spacer\"><\/div>\n\n\n\n<div style=\"height:30px\" aria-hidden=\"true\" class=\"wp-block-spacer\"><\/div>\n\n\n\n<section class=\"wp-block-themepark-block-themepark-area block_layout thempark-block undefined  product-demo1\" id=\"maxw\" style=\"\" data-swiper-parallax=\"-700\"><div class=\"block_layout_in clomnsmal  clomnnone\" style=\"\">\n<div class=\"wp-block-column block_layout_in\">\n<div class=\"wp-block-columns\">\n<div class=\"wp-block-column\">\n<div class=\"wp-block-themepark-block-themepark-wright content-super-p\" style=\"font-size:14px;line-height:25px;color:#333333;padding:20px 20px;\">\n<div class=\"wp-block-column\">\n<p class=\"has-themecolor-1-color has-text-color has-link-color has-medium-font-size wp-elements-9c16a18866d3d60738f810938ceef076\"><strong>Vitamines<\/strong><\/p>\n\n\n\n<div style=\"height:10px\" aria-hidden=\"true\" class=\"wp-block-spacer\"><\/div>\n\n\n\n<p><br>Les vitamines sont des micronutriments organiques essentiels, class\u00e9s en formes hydrosolubles et liposolubles, qui r\u00e9gulent des processus physiologiques essentiels tels que le m\u00e9tabolisme, l'immunit\u00e9 et la coagulation.  En raison de leur sensibilit\u00e9 \u00e0 la lumi\u00e8re, \u00e0 la chaleur et \u00e0 l'humidit\u00e9, <\/p>\n\n\n\n<div style=\"height:16px\" aria-hidden=\"true\" class=\"wp-block-spacer\"><\/div>\n\n\n\n<div class=\"wp-block-themepark-block-btn themepark-i-btn-out\" style=\"text-align:undefined;\"><div class=\"themepark-i-btn-out_ins\" style=\"\"><div class=\"themepark-i-btn-out_in\"><div class=\"themepark-i-btn\" style=\"background-color:#0aa652;color:#ffffff;font-size:14px;border:solid 1px #318ec8;padding:6px 43px;\"><a href=\"https:\/\/www.sgnutri.com\/fr\/categorie\/tous-les-produits\/viatmins\/\" rel=\"noopener noreferrer \">Obtenir un devis<\/a><a class=\"hovers\" data-title=\"Get Quote\" style=\"color:#318ec8;background-color:#ffffff;padding:6px 43px;\" href=\"https:\/\/www.sgnutri.com\/fr\/categorie\/tous-les-produits\/viatmins\/\" rel=\"noopener noreferrer\" target=\"_self\"><\/a><\/div><\/div><\/div><\/div>\n<\/div>\n<\/div>\n<\/div>\n\n\n\n<div class=\"wp-block-column\" style=\"flex-basis:5%\"><\/div>\n\n\n\n<div class=\"wp-block-column\" style=\"flex-basis:50%\">\n<section class=\"wp-block-themepark-block-themepark-area block_layout thempark-block undefined\" id=\"\" style=\"padding-top:110px;height:300px;box-sizing: border-box;width: 100%;\" data-swiper-parallax=\"-700\"><div class=\"block_layout_in\" style=\"\">\n<div class=\"wp-block-column block_layout_in\">\n<h2 class=\"wp-block-heading has-text-align-center hover-only-title has-themecolor-1-color has-text-color has-link-color wp-elements-cb59af2c229b8669dc39731809bb0a5b\" style=\"font-size:30px\"><span class=\"ez-toc-section\" id=\"Vitamins\"><\/span><strong>Vitamines<\/strong><span class=\"ez-toc-section-end\"><\/span><\/h2>\n<\/div>\n<\/div><div class=\"layout_badh\"><div class=\"PcOnly themepark-block_layout_ba lazyload swiper-lazy\" style=\"background-repeat:no-repeat;background-size:cover;background-position:center;\" data-background=\"https:\/\/www.sgnutri.com\/wp-content\/uploads\/2025\/12\/\u672a\u6807\u9898-3.png\"><\/div><div class=\"MovePnly themepark-block_layout_ba lazyload swiper-move-lazy\" style=\"background-repeat:no-repeat;background-size:cover;background-position:center;\" data-background=\"https:\/\/www.sgnutri.com\/wp-content\/uploads\/2025\/12\/\u672a\u6807\u9898-3.png\"><\/div><\/div><\/section>\n<\/div>\n<\/div>\n<\/div>\n<\/div><div class=\"layout_badh\"><\/div><\/section>\n\n\n\n<style>\n.product-demo1{\n  border:1px solid #D4D4D4;\n}\n\n\/* \u533a\u5757\u6574\u4f53 hover \u80cc\u666f + \u6587\u5b57\u53d8\u767d *\/\n.product-demo1 {\n    transition: background-color 0.45s ease;\n}\n\n.product-demo1:hover {\n    background-color: var(--wp--preset--color--themecolor-1);\n}\n\n\/* \u5de6\u4fa7\u6240\u6709\u6587\u5b57 hover \u540e\u5f3a\u5236\u767d\u8272 *\/\n.product-demo1:hover .content-super-p,\n.product-demo1:hover .content-super-p p,\n.product-demo1:hover .content-super-p strong,\n.product-demo1:hover .content-super-p .has-medium-font-size {\n    color: #ffffff !important;\n}\n\n\/* \u6309\u94ae\uff1a\u521d\u59cb\u4e3b\u9898\u8272\u5e95+\u767d\u5b57 \u2192 hover \u767d\u5e95+\u4e3b\u9898\u8272\u5b57 *\/\n.product-demo1 .themepark-i-btn {\n    background-color: var(--wp--preset--color--themecolor-1) !important;\n    color: #ffffff !important;\n    border-color: var(--wp--preset--color--themecolor-1) !important;\n    transition: all 0.4s ease;\n}\n\n.product-demo1:hover .themepark-i-btn {\n    background-color: #ffffff !important;\n    color: var(--wp--preset--color--themecolor-1) !important;\n    border-color: var(--wp--preset--color--themecolor-1) !important;\n}\n\n\/* \u2500\u2500\u2500 \u53f3\u4fa7\u56fe\u7247\u533a\u57df\uff1a\u906e\u7f69 + hover-only-title \u2500\u2500\u2500 *\/\n\n.PcOnly.themepark-block_layout_ba {\n    position: relative;           \/* \u5173\u952e\uff1a\u8ba9 ::before \u548c\u5b50\u5143\u7d20\u5b9a\u4f4d *\/\n}\n\n\/* \u906e\u7f69\u5c42\uff1a\u521d\u59cb\u5b8c\u5168\u900f\u660e *\/\n.PcOnly.themepark-block_layout_ba::before {\n    content: \"\";\n    position: absolute;\n    inset: 0;\n    background-color: #000;\n    opacity: 0;\n    transition: opacity 0.5s ease;\n    z-index: 1;\n    pointer-events: none;\n}\n\n\/* hover \u540e\u663e\u793a 30% \u906e\u7f69 *\/\n.product-demo1:hover .PcOnly.themepark-block_layout_ba::before {\n    opacity: 0.3;\n}\n\n\/* hover-only-title\uff1a\u521d\u59cb\u9690\u85cf *\/\n.hover-only-title {\n    opacity: 0;\n    visibility: hidden;\n    transform: translateY(30px);           \/* \u7a0d\u5fae\u5411\u4e0b\u504f\u79fb\uff0c\u589e\u52a0\u51fa\u73b0\u65f6\u7684\u52a8\u6001 *\/\n    transition: all 0.55s ease;\n    z-index: 2;                            \/* \u786e\u4fdd\u5728\u906e\u7f69\u4e0a\u9762 *\/\n    position: relative;                    \/* \u76f8\u5bf9\u5b9a\u4f4d\uff0c\u907f\u514d\u88ab ::before \u76d6\u4f4f *\/\n    text-shadow: 0 3px 12px rgba(0,0,0,0.7);\n}\n\n\/* \u533a\u5757 hover \u540e\uff1a\u663e\u793a\u6807\u9898 + \u5f52\u4f4d + \u52a8\u753b *\/\n.product-demo1:hover .hover-only-title {\n    opacity: 1;\n    visibility: visible;\n    transform: translateY(0);\n}\n\n\/* \u53ef\u9009\uff1ahover \u65f6\u8ba9\u6807\u9898\u66f4\u7a81\u51fa\uff08\u8f7b\u5fae\u653e\u5927\uff09 *\/\n.product-demo1:hover .hover-only-title {\n    transform: translateY(0) scale(1.05);\n}\n<\/style>\n<\/div>\n<\/div><div class=\"layout_badh\"><\/div><\/section>\n\n\n\n<h2 class=\"wp-block-heading\"><span class=\"ez-toc-section\" id=\"Supplements_Is_It_Really_Necessary\"><\/span>Suppl\u00e9ments : Est-ce vraiment n\u00e9cessaire ?<span class=\"ez-toc-section-end\"><\/span><\/h2>\n\n\n\n<p>Bien que j'aie toujours pr\u00e9conis\u00e9 d'obtenir des nutriments \u00e0 partir d'aliments naturels, il arrive que les suppl\u00e9ments comblent une lacune :<\/p>\n\n\n\n<p>R\u00e9gime alimentaire restreint : Si votre rythme de vie est trop rapide pour garantir que vous consommerez des haricots ou des aliments ferment\u00e9s \u00e0 chaque repas, des suppl\u00e9ments de haute qualit\u00e9 constituent un compromis.<\/p>\n\n\n\n<p>Besoins pathologiques particuliers : Certaines personnes souffrant de maladies gastro-intestinales particuli\u00e8res peuvent avoir besoin de souches sp\u00e9cifiques prescrites par des m\u00e9decins et ne peuvent pas \u00eatre achet\u00e9es au hasard.<\/p>\n\n\n\n<p>Apr\u00e8s une intervention chirurgicale aux antibiotiques : L'efficacit\u00e9 d'intervention des suppl\u00e9ments \u00e0 court terme est tr\u00e8s \u00e9lev\u00e9e pendant cette p\u00e9riode sp\u00e9ciale.<\/p>\n\n\n\n<h2 class=\"wp-block-heading\"><span class=\"ez-toc-section\" id=\"A_Few_Details_That_Must_Be_Paid_Attention\"><\/span>Quelques d\u00e9tails auxquels il faut pr\u00eater attention<span class=\"ez-toc-section-end\"><\/span><\/h2>\n\n\n\n<p>Avant de passer commande de divers compl\u00e9ments, il y a deux choses \u00e0 \u00e9couter :<\/p>\n\n\n\n<p>\u201cUn petit nombre de fois\u201d, tel est le principe : de nombreuses personnes se font une sant\u00e9, mais le r\u00e9sultat est que leurs intestins et leur estomac n'en peuvent plus, et que les flatulences et les diarrh\u00e9es s'encha\u00eenent. La r\u00e9gulation de la flore intestinale est un processus progressif, il ne faut pas se pr\u00e9cipiter.<\/p>\n\n\n\n<p>Consultez un professionnel : surtout si votre immunit\u00e9 est faible ou si vous venez de subir une op\u00e9ration, ne vous suppl\u00e9mentez pas aveugl\u00e9ment. L'environnement interne de chacun est tr\u00e8s variable. Compenser le bon, c'est pr\u00e9server sa sant\u00e9. Compenser le mauvais, c'est augmenter la charge intestinale. Elle doit \u00eatre \u00e9valu\u00e9e par un m\u00e9decin.<\/p>\n\n\n\n<h2 class=\"wp-block-heading\"><span class=\"ez-toc-section\" id=\"Food_Supplement_Is_The_Absolute_Principle\"><\/span>Le compl\u00e9ment alimentaire est le principe absolu<span class=\"ez-toc-section-end\"><\/span><\/h2>\n\n\n\n<figure class=\"wp-block-image size-large\"><img loading=\"lazy\" decoding=\"async\" width=\"1024\" height=\"424\" src=\"https:\/\/www.sgnutri.com\/wp-content\/uploads\/2026\/03\/image-8-1024x424.png\" alt=\"Aliments contenant des pr\u00e9biotiques\" class=\"wp-image-48407\" srcset=\"https:\/\/www.sgnutri.com\/wp-content\/uploads\/2026\/03\/image-8-1024x424.png 1024w, https:\/\/www.sgnutri.com\/wp-content\/uploads\/2026\/03\/image-8-300x124.png 300w, https:\/\/www.sgnutri.com\/wp-content\/uploads\/2026\/03\/image-8-768x318.png 768w, https:\/\/www.sgnutri.com\/wp-content\/uploads\/2026\/03\/image-8-18x7.png 18w, https:\/\/www.sgnutri.com\/wp-content\/uploads\/2026\/03\/image-8.png 1095w\" sizes=\"auto, (max-width: 1024px) 100vw, 1024px\" \/><\/figure>\n\n\n\n<p>Ne mettez pas tous vos espoirs dans la pilule, la vraie logique de sant\u00e9 est \u201cl'alimentation d'abord\u201d. Pour peu que vous appreniez \u00e0 manger des aliments pr\u00e9biotiques riches en fibres avec des aliments probiotiques ferment\u00e9s, vos intestins peuvent former un circuit \u00e9cologique vertueux et ferm\u00e9. Tout d'abord, r\u00e9gulez votre alimentation quotidienne. Quant aux compl\u00e9ments, ce ne sont que des \u201calternatives\u201d \u00e0 utiliser en cas de besoin.<\/p>\n\n\n\n<h2 class=\"wp-block-heading\"><span class=\"ez-toc-section\" id=\"Frequently_Asked_Questions_FAQ\"><\/span>Foire aux questions (FAQ)<span class=\"ez-toc-section-end\"><\/span><\/h2>\n\n\n\n<div data-wp-context=\"{ &quot;autoclose&quot;: false, &quot;accordionItems&quot;: [] }\" data-wp-interactive=\"core\/accordion\" role=\"group\" class=\"wp-block-accordion\">\n<div data-wp-class--is-open=\"state.isOpen\" data-wp-context=\"{ &quot;id&quot;: &quot;accordion-item-1&quot;, &quot;openByDefault&quot;: false }\" data-wp-init=\"callbacks.initAccordionItems\" data-wp-on-window--hashchange=\"callbacks.hashChange\" class=\"wp-block-accordion-item\">\n<h3 class=\"wp-block-accordion-heading\"><button aria-expanded=\"false\" aria-controls=\"accordion-item-1-panel\" data-wp-bind--aria-expanded=\"state.isOpen\" data-wp-on--click=\"actions.toggle\" data-wp-on--keydown=\"actions.handleKeyDown\" id=\"accordion-item-1\" type=\"button\" class=\"wp-block-accordion-heading__toggle\"><span class=\"wp-block-accordion-heading__toggle-title\">Puis-je prendre des pr\u00e9biotiques et des probiotiques en m\u00eame temps ?<\/span><span class=\"wp-block-accordion-heading__toggle-icon\" aria-hidden=\"true\">+<\/span><\/button><\/h3>\n\n\n\n<div inert aria-labelledby=\"accordion-item-1\" data-wp-bind--inert=\"!state.isOpen\" id=\"accordion-item-1-panel\" role=\"region\" class=\"wp-block-accordion-panel\">\n<p>Oui, c'est possible. En fait, les prendre ensemble est souvent appel\u00e9 \u201csynbiotique\u201d. \u00c9tant donn\u00e9 que les pr\u00e9biotiques fournissent le carburant (fibres) dont les probiotiques ont besoin pour se d\u00e9velopper, leur consommation conjointe peut aider les bact\u00e9ries b\u00e9n\u00e9fiques \u00e0 survivre et \u00e0 coloniser plus efficacement votre intestin.<\/p>\n<\/div>\n<\/div>\n\n\n\n<div data-wp-class--is-open=\"state.isOpen\" data-wp-context=\"{ &quot;id&quot;: &quot;accordion-item-2&quot;, &quot;openByDefault&quot;: false }\" data-wp-init=\"callbacks.initAccordionItems\" data-wp-on-window--hashchange=\"callbacks.hashChange\" class=\"wp-block-accordion-item\">\n<h3 class=\"wp-block-accordion-heading\"><button aria-expanded=\"false\" aria-controls=\"accordion-item-2-panel\" data-wp-bind--aria-expanded=\"state.isOpen\" data-wp-on--click=\"actions.toggle\" data-wp-on--keydown=\"actions.handleKeyDown\" id=\"accordion-item-2\" type=\"button\" class=\"wp-block-accordion-heading__toggle\"><span class=\"wp-block-accordion-heading__toggle-title\">Combien de temps faut-il pour que les pr\u00e9biotiques et les probiotiques agissent ?<\/span><span class=\"wp-block-accordion-heading__toggle-icon\" aria-hidden=\"true\">+<\/span><\/button><\/h3>\n\n\n\n<div inert aria-labelledby=\"accordion-item-2\" data-wp-bind--inert=\"!state.isOpen\" id=\"accordion-item-2-panel\" role=\"region\" class=\"wp-block-accordion-panel\">\n<p>Cela varie d'une personne \u00e0 l'autre. Certaines personnes peuvent constater des am\u00e9liorations au niveau de la digestion, comme une r\u00e9duction des ballonnements ou des selles plus r\u00e9guli\u00e8res, en l'espace de quelques jours ou de quelques semaines. Toutefois, la constitution d'un microbiome intestinal sain et diversifi\u00e9 est un processus \u00e0 long terme qui n\u00e9cessite des habitudes alimentaires coh\u00e9rentes.<\/p>\n<\/div>\n<\/div>\n\n\n\n<div data-wp-class--is-open=\"state.isOpen\" data-wp-context=\"{ &quot;id&quot;: &quot;accordion-item-3&quot;, &quot;openByDefault&quot;: false }\" data-wp-init=\"callbacks.initAccordionItems\" data-wp-on-window--hashchange=\"callbacks.hashChange\" class=\"wp-block-accordion-item\">\n<h3 class=\"wp-block-accordion-heading\"><button aria-expanded=\"false\" aria-controls=\"accordion-item-3-panel\" data-wp-bind--aria-expanded=\"state.isOpen\" data-wp-on--click=\"actions.toggle\" data-wp-on--keydown=\"actions.handleKeyDown\" id=\"accordion-item-3\" type=\"button\" class=\"wp-block-accordion-heading__toggle\"><span class=\"wp-block-accordion-heading__toggle-title\">Les pr\u00e9biotiques et les probiotiques peuvent-ils contribuer \u00e0 la perte de poids ?<\/span><span class=\"wp-block-accordion-heading__toggle-icon\" aria-hidden=\"true\">+<\/span><\/button><\/h3>\n\n\n\n<div inert aria-labelledby=\"accordion-item-3\" data-wp-bind--inert=\"!state.isOpen\" id=\"accordion-item-3-panel\" role=\"region\" class=\"wp-block-accordion-panel\">\n<p>De nouvelles recherches sugg\u00e8rent qu'un microbiome intestinal sain joue un r\u00f4le dans le m\u00e9tabolisme et la gestion du poids. En am\u00e9liorant la digestion et en r\u00e9duisant l'inflammation, un apport \u00e9quilibr\u00e9 de pr\u00e9biotiques et de probiotiques peut soutenir vos objectifs globaux de gestion du poids, mais il ne s'agit pas d'une \u201csolution miracle\u201d pour perdre du poids.<\/p>\n<\/div>\n<\/div>\n\n\n\n<div data-wp-class--is-open=\"state.isOpen\" data-wp-context=\"{ &quot;id&quot;: &quot;accordion-item-4&quot;, &quot;openByDefault&quot;: false }\" data-wp-init=\"callbacks.initAccordionItems\" data-wp-on-window--hashchange=\"callbacks.hashChange\" class=\"wp-block-accordion-item\">\n<h3 class=\"wp-block-accordion-heading\"><button aria-expanded=\"false\" aria-controls=\"accordion-item-4-panel\" data-wp-bind--aria-expanded=\"state.isOpen\" data-wp-on--click=\"actions.toggle\" data-wp-on--keydown=\"actions.handleKeyDown\" id=\"accordion-item-4\" type=\"button\" class=\"wp-block-accordion-heading__toggle\"><span class=\"wp-block-accordion-heading__toggle-title\">Y a-t-il des effets secondaires \u00e0 la prise de ces suppl\u00e9ments ?<\/span><span class=\"wp-block-accordion-heading__toggle-icon\" aria-hidden=\"true\">+<\/span><\/button><\/h3>\n\n\n\n<div inert aria-labelledby=\"accordion-item-4\" data-wp-bind--inert=\"!state.isOpen\" id=\"accordion-item-4-panel\" role=\"region\" class=\"wp-block-accordion-panel\">\n<p>Pour la plupart des gens, ils sont tr\u00e8s s\u00fbrs. Toutefois, comme vous modifiez la composition de vos bact\u00e9ries intestinales, vous pouvez ressentir des effets secondaires mineurs et temporaires tels que des gaz, des ballonnements ou une g\u00eane abdominale au cours des premiers jours. Si ces sympt\u00f4mes persistent ou sont graves, arr\u00eatez de prendre le suppl\u00e9ment et consultez votre m\u00e9decin.<\/p>\n<\/div>\n<\/div>\n<\/div>\n\n\n\n<p>Auteur : Sarah Jenkins<\/p>\n\n\n\n<p> Je suis di\u00e9t\u00e9ticienne agr\u00e9\u00e9e et sp\u00e9cialiste de la sant\u00e9 intestinale. J'ai plus de dix ans d'exp\u00e9rience dans l'aide au r\u00e9tablissement de l'\u00e9quilibre digestif des patients. Gr\u00e2ce \u00e0 ma pratique clinique, j'ai pu constater de premi\u00e8re main que la bonne combinaison de pr\u00e9biotiques et de probiotiques peut transformer le bien-\u00eatre g\u00e9n\u00e9ral.<\/p>\n<\/div>\n<\/div>","protected":false},"excerpt":{"rendered":"","protected":false},"author":3,"featured_media":48406,"comment_status":"open","ping_status":"open","sticky":false,"template":"","format":"standard","meta":{"_acf_changed":false,"themepark_post_bcolor":"#f5f5f5","themepark_post_width":"1022px","themepark_post_img":"","themepark_post_img_po":"left","themepark_post_img_re":false,"themepark_post_img_cover":false,"themepark_post_img_fixed":false,"themepark_post_hide_title":false,"themepark_post_main_b":"","themepark_post_main_p":100,"themepark_paddingblock":false,"footnotes":""},"categories":[58],"tags":[],"class_list":["post-48405","post","type-post","status-publish","format-standard","has-post-thumbnail","hentry","category-blogs"],"metadata":{"_edit_lock":["1772765764:3"],"rank_math_seo_score":["20"],"rank_math_primary_category":["58"],"_thumbnail_id":["48406"],"_edit_last":["3"],"_ez-toc-disabled":[""],"_ez-toc-insert":[""],"_ez-toc-header-label":[""],"_ez-toc-device-target":[""],"_ez-toc-alignment":["none"],"_ez-toc-heading-levels":["a:0:{}"],"_ez-toc-alttext":[""],"_ez-toc-visibility_hide_by_default":[""],"_ez-toc-hide_counter":[""],"_ez-toc-exclude":[""],"_ez-toc-position-specific":[""],"product_title":[""],"_product_title":["field_696dddd18cafe"],"product_description":[""],"_product_description":["field_696ddded8caff"],"product_parameter1":[""],"_product_parameter1":["field_696dddf48cb00"],"product_parameter2":[""],"_product_parameter2":["field_696dddfd8cb01"],"product_parameter3":[""],"_product_parameter3":["field_696dde018cb02"],"product_parameter4":[""],"_product_parameter4":["field_698bf07160199"],"product_parameter5":[""],"_product_parameter5":["field_698bf0746019a"],"product_parameter6":[""],"_product_parameter6":["field_698bf0786019b"],"product_parameter7":[""],"_product_parameter7":["field_698bf07b6019c"],"product_parameter8":[""],"_product_parameter8":["field_698bf07e6019d"],"product_parameter9":[""],"_product_parameter9":["field_698bf0816019e"],"parameter_describ":[""],"_parameter_describ":["field_698bf08a6019f"],"product_parameter_description1":[""],"_product_parameter_description1":["field_696dde048cb03"],"product_parameter_description2":[""],"_product_parameter_description2":["field_696dde0c8cb04"],"product_parameter_description3":[""],"_product_parameter_description3":["field_696dde118cb05"],"product_parameter_description4":[""],"_product_parameter_description4":["field_698bf04f60193"],"product_parameter_description5":[""],"_product_parameter_description5":["field_698bf05560194"],"product_parameter_description6":[""],"_product_parameter_description6":["field_698bf05960195"],"product_parameter_description7":[""],"_product_parameter_description7":["field_698bf05c60196"],"product_parameter_description8":[""],"_product_parameter_description8":["field_698bf05f60197"],"product_parameter_description9":[""],"_product_parameter_description9":["field_698bf06360198"],"characteristics_tittle":[""],"_characteristics_tittle":["field_696dde148cb06"],"characteristics_tittle1":[""],"_characteristics_tittle1":["field_696dde1b8cb07"],"characteristics_tittle2":[""],"_characteristics_tittle2":["field_696dde238cb08"],"characteristics_tittle3":[""],"_characteristics_tittle3":["field_696dde278cb09"],"characteristics_tittle4":[""],"_characteristics_tittle4":["field_696dde2a8cb0a"],"characteristics_tittle5":[""],"_characteristics_tittle5":["field_696dde2e8cb0b"],"characteristics_tittle6":[""],"_characteristics_tittle6":["field_696dde318cb0c"],"characteristics_description1":[""],"_characteristics_description1":["field_696dde368cb0d"],"characteristics_description2":[""],"_characteristics_description2":["field_696dde408cb0e"],"characteristics_description3":[""],"_characteristics_description3":["field_696dde438cb0f"],"characteristics_description4":[""],"_characteristics_description4":["field_696dde468cb10"],"characteristics_description5":[""],"_characteristics_description5":["field_696dde498cb11"],"characteristics_description6":[""],"_characteristics_description6":["field_696dde4d8cb12"],"comparison_points_tittle":[""],"_comparison_points_tittle":["field_696dde528cb13"],"comparison_points_tittle1":[""],"_comparison_points_tittle1":["field_696dde608cb14"],"comparison_points_tittle2":[""],"_comparison_points_tittle2":["field_696dde668cb15"],"comparison_points_tittle3":[""],"_comparison_points_tittle3":["field_696dde6c8cb16"],"comparison_points_description":[""],"_comparison_points_description":["field_696dde708cb17"],"comparison_points_description1":[""],"_comparison_points_description1":["field_696dde888cb18"],"comparison_points_description2":[""],"_comparison_points_description2":["field_696dde908cb19"],"comparison_points_description3":[""],"_comparison_points_description3":["field_696dde948cb1a"],"application_title":[""],"_application_title":["field_696dde988cb1b"],"application_title1":[""],"_application_title1":["field_696ddea68cb1c"],"application_title2":[""],"_application_title2":["field_696ddeb18cb1d"],"application_title3":[""],"_application_title3":["field_696ddeb58cb1e"],"application_title4":[""],"_application_title4":["field_696ddebd8cb1f"],"application_describe1":[""],"_application_describe1":["field_696ddec48cb20"],"application_describe2":[""],"_application_describe2":["field_696dded08cb21"],"application_describe3":[""],"_application_describe3":["field_696dded38cb22"],"application_describe4":[""],"_application_describe4":["field_696dded78cb23"],"instruction_title":[""],"_instruction_title":["field_696ddedb8cb24"],"instruction_title1":[""],"_instruction_title1":["field_696ddee68cb25"],"instruction_title2":[""],"_instruction_title2":["field_696ddef58cb26"],"instruction_title3":[""],"_instruction_title3":["field_696ddef98cb27"],"instruction_title4":[""],"_instruction_title4":["field_696ddefc8cb28"],"instruction_describe1":[""],"_instruction_describe1":["field_696ddeff8cb29"],"instruction_describe2":[""],"_instruction_describe2":["field_696ddf078cb2a"],"instruction_describe3":[""],"_instruction_describe3":["field_696ddf0b8cb2b"],"instruction_describe4":[""],"_instruction_describe4":["field_696ddf0e8cb2c"],"material":[""],"_material":["field_696eed876b2b8"],"material_description":[""],"_material_description":["field_696eed896b2b9"],"pre_and_post_sales_titles":[""],"_pre_and_post_sales_titles":["field_696eed906b2ba"],"after_sales_service_title":[""],"_after_sales_service_title":["field_696eeda36b2bb"],"before_sales_service_title":[""],"_before_sales_service_title":["field_696eedbb6b2bc"],"after_sales_service_describe":[""],"_after_sales_service_describe":["field_696eedc86b2bd"],"before_sales_service_describe":[""],"_before_sales_service_describe":["field_696eedcf6b2be"],"faq_question1":[""],"_faq_question1":["field_696eedd56b2bf"],"faq_question2":[""],"_faq_question2":["field_696eedee6b2c0"],"faq_question3":[""],"_faq_question3":["field_696eedf36b2c1"],"faq_question4":[""],"_faq_question4":["field_696eedf76b2c2"],"faq_question5":[""],"_faq_question5":["field_696eedfb6b2c3"],"faq_question6":[""],"_faq_question6":["field_696eedfe6b2c4"],"faq_answer1":[""],"_faq_answer1":["field_696eee026b2c5"],"faq_answer2":[""],"_faq_answer2":["field_696eee0b6b2c6"],"faq_answer3":[""],"_faq_answer3":["field_696eee0e6b2c7"],"faq_answer4":[""],"_faq_answer4":["field_696eee126b2c8"],"faq_answer5":[""],"_faq_answer5":["field_696eee156b2c9"],"faq_answer6":[""],"_faq_answer6":["field_696eee196b2ca"],"detailed_specifications_table":[""],"_detailed_specifications_table":["field_697738b0ef515"],"aggregated_titles":[""],"_aggregated_titles":["field_698ad8fabfec6"],"aggregate_description":[""],"_aggregate_description":["field_698ad913bfec7"],"polymer_product_sku1":[""],"_polymer_product_sku1":["field_698ad932bfec8"],"polymer_product_sku2":[""],"_polymer_product_sku2":["field_698ad93dbfec9"],"polymer_product_sku3":[""],"_polymer_product_sku3":["field_698ad941bfeca"],"aggregated_product_titles1":[""],"_aggregated_product_titles1":["field_698ad945bfecb"],"aggregated_product_titles2":[""],"_aggregated_product_titles2":["field_698ad94dbfecc"],"aggregated_product_titles3":[""],"_aggregated_product_titles3":["field_698ad954bfecd"],"aggregated_product_description1":[""],"_aggregated_product_description1":["field_698ad957bfece"],"aggregated_product_description2":[""],"_aggregated_product_description2":["field_698ad961bfecf"],"aggregated_product_description3":[""],"_aggregated_product_description3":["field_698ad965bfed0"],"polymerization_characteristics_tittle":[""],"_polymerization_characteristics_tittle":["field_699d3c712ad62"],"polymerization_characteristics1":[""],"_polymerization_characteristics1":["field_699d3c742ad63"],"polymerization_characteristics2":[""],"_polymerization_characteristics2":["field_699d3c7d2ad64"],"polymerization_characteristics3":[""],"_polymerization_characteristics3":["field_699d3c802ad65"],"polymerization_characteristics4":[""],"_polymerization_characteristics4":["field_699d3c842ad66"],"polymerization_characteristics5":[""],"_polymerization_characteristics5":["field_699d3c8d2ad67"],"polymerization_characteristics6":[""],"_polymerization_characteristics6":["field_699d3c902ad68"],"polymerization_characteristics_descr1":[""],"_polymerization_characteristics_descr1":["field_699d3c9a2ad69"],"polymerization_characteristics_descr2":[""],"_polymerization_characteristics_descr2":["field_699d3c9c2ad6a"],"polymerization_characteristics_descr3":[""],"_polymerization_characteristics_descr3":["field_699d3c9f2ad6b"],"polymerization_characteristics_descr4":[""],"_polymerization_characteristics_descr4":["field_699d3ca22ad6c"],"polymerization_characteristics_descr5":[""],"_polymerization_characteristics_descr5":["field_699d3ca52ad6d"],"polymerization_characteristics_descr6":[""],"_polymerization_characteristics_descr6":["field_699d3ca92ad6e"],"aggregated_application_scenarios_tittle":[""],"_aggregated_application_scenarios_tittle":["field_699d3cae2ad6f"],"aggregated_application_scenarios1":[""],"_aggregated_application_scenarios1":["field_699d3cbd2ad70"],"aggregated_application_scenarios2":[""],"_aggregated_application_scenarios2":["field_699d3cc52ad71"],"aggregated_application_scenarios3":[""],"_aggregated_application_scenarios3":["field_699d3cc92ad72"],"aggregated_application_scenarios4":[""],"_aggregated_application_scenarios4":["field_699d3ccc2ad73"],"aggregated_application_scenarios5":[""],"_aggregated_application_scenarios5":["field_699d3cd02ad74"],"aggregated_application_scenarios6":[""],"_aggregated_application_scenarios6":["field_699d3cd42ad75"],"themepark_seo_title":["Should I Take Prebiotics Or Probiotics"],"themepark_seo_description":["Confused About Prebiotics VS. Probiotics? Learn Why A Balanced Diet Is Key And When To Use Supplements For Optimal Gut Health."],"themepark_seo_keyword":["Should I Take Prebiotics Or Probiotics"],"catce":["sidebar-widgets4"],"views":["251"]},"acf":[],"medium_url":"https:\/\/www.sgnutri.com\/wp-content\/uploads\/2026\/03\/image-7-300x130.png","thumbnail_url":"https:\/\/www.sgnutri.com\/wp-content\/uploads\/2026\/03\/image-7-150x150.png","full_url":"https:\/\/www.sgnutri.com\/wp-content\/uploads\/2026\/03\/image-7.png","_links":{"self":[{"href":"https:\/\/www.sgnutri.com\/fr\/wp-json\/wp\/v2\/posts\/48405","targetHints":{"allow":["GET"]}}],"collection":[{"href":"https:\/\/www.sgnutri.com\/fr\/wp-json\/wp\/v2\/posts"}],"about":[{"href":"https:\/\/www.sgnutri.com\/fr\/wp-json\/wp\/v2\/types\/post"}],"author":[{"embeddable":true,"href":"https:\/\/www.sgnutri.com\/fr\/wp-json\/wp\/v2\/users\/3"}],"replies":[{"embeddable":true,"href":"https:\/\/www.sgnutri.com\/fr\/wp-json\/wp\/v2\/comments?post=48405"}],"version-history":[{"count":2,"href":"https:\/\/www.sgnutri.com\/fr\/wp-json\/wp\/v2\/posts\/48405\/revisions"}],"predecessor-version":[{"id":48409,"href":"https:\/\/www.sgnutri.com\/fr\/wp-json\/wp\/v2\/posts\/48405\/revisions\/48409"}],"wp:featuredmedia":[{"embeddable":true,"href":"https:\/\/www.sgnutri.com\/fr\/wp-json\/wp\/v2\/media\/48406"}],"wp:attachment":[{"href":"https:\/\/www.sgnutri.com\/fr\/wp-json\/wp\/v2\/media?parent=48405"}],"wp:term":[{"taxonomy":"category","embeddable":true,"href":"https:\/\/www.sgnutri.com\/fr\/wp-json\/wp\/v2\/categories?post=48405"},{"taxonomy":"post_tag","embeddable":true,"href":"https:\/\/www.sgnutri.com\/fr\/wp-json\/wp\/v2\/tags?post=48405"}],"curies":[{"name":"wp","href":"https:\/\/api.w.org\/{rel}","templated":true}]}}