{"id":47220,"date":"2026-01-06T16:32:22","date_gmt":"2026-01-06T08:32:22","guid":{"rendered":"https:\/\/www.sgnutri.com\/?p=47220"},"modified":"2026-03-03T09:40:02","modified_gmt":"2026-03-03T01:40:02","slug":"quale-carenza-di-vitamine-causa-il-rilassamento-cutaneo","status":"publish","type":"post","link":"https:\/\/www.sgnutri.com\/it\/quale-carenza-di-vitamine-causa-il-rilassamento-cutaneo\/","title":{"rendered":"Quale carenza di vitamine causa il rilassamento cutaneo?"},"content":{"rendered":"<div class=\"wp-block-themepark-block-themepark-wright content-super-p  blog-jiange\" style=\"font-size:17px;line-height:28px;color:#211c1c;padding:10px 20px;\">\n<div class=\"wp-block-column\">\n<p>La risposta \u00e8 chiara: la vitamina C. Perch\u00e9 \u00e8 biologicamente la base assoluta per la sintesi del collagene, la proteina strutturale che mantiene la pelle soda e liftata.<\/p>\n\n\n\n<p>Tuttavia, raramente la lassit\u00e0 cutanea \u00e8 causata da un singolo fattore. Di solito \u00e8 il risultato di una \"carenza cumulativa\" di gruppi di nutrienti. Oltre alla vitamina C, non bisogna trascurare la vitamina E (previene la rottura dell'elastina), la vitamina A (accelera il ricambio cellulare), la vitamina D (mantiene la funzione di barriera) e la vitamina B3 (niacinamide).<\/p>\n\n\n\n<p>Di seguito sono riportati gli smontaggi specifici di questi cinque ruoli chiave:<\/p>\n\n\n\n<h2 class=\"wp-block-heading\"><span class=\"ez-toc-section\" id=\"Vitamin_C_The_Architect_Of_Collagen\"><\/span>Vitamina C: L'architetto del collagene<span class=\"ez-toc-section-end\"><\/span><\/h2>\n\n\n\n<p>Molte persone collegano la vitamina C solo all'immunit\u00e0, ma nel campo della dermatologia il suo ruolo \u00e8 completamente strutturale.<\/p>\n\n\n\n<p>Il collagene \u00e8 la proteina pi\u00f9 abbondante dell'organismo e funge da \"colla\" che tiene insieme il tessuto cutaneo. Ma ecco il dettaglio biochimico: la sintesi del collagene \u00e8 estremamente dipendente da due enzimi specifici, la lisilidrossilasi e la prolilidrossilasi. Questi due enzimi non possono funzionare senza la vitamina C.<\/p>\n\n\n\n<p>La situazione pi\u00f9 problematica \u00e8 la \"carenza subclinica\". Quando l'apporto di vitamina C \u00e8 insufficiente, l'organismo mette in moto il meccanismo di sopravvivenza, dando la priorit\u00e0 all'approvvigionamento degli organi vitali, e la pelle diventa oggetto di sacrificio. Questo porta:<\/p>\n\n\n\n<p>La produzione di collagene ristagna: Il collagene esistente si degrada naturalmente con l'et\u00e0 e, senza la vitamina C, l'organismo non \u00e8 in grado di produrne di nuovo per colmare il vuoto.<\/p>\n\n\n\n<p>Derma indebolito: Il derma (lo spesso strato di tessuto vivente al di sotto dell'epidermide) si assottiglia, facendo s\u00ec che la pelle non avvolga strettamente la struttura ossea, ma sia \"appesa\" ad essa.<\/p>\n\n\n\n<figure class=\"wp-block-image size-large\"><img loading=\"lazy\" decoding=\"async\" width=\"1024\" height=\"474\" src=\"https:\/\/www.sgnutri.com\/wp-content\/uploads\/2026\/01\/image-21-1024x474.png\" alt=\"Foto della vitamina C\" class=\"wp-image-47221\" srcset=\"https:\/\/www.sgnutri.com\/wp-content\/uploads\/2026\/01\/image-21-1024x474.png 1024w, https:\/\/www.sgnutri.com\/wp-content\/uploads\/2026\/01\/image-21-300x139.png 300w, https:\/\/www.sgnutri.com\/wp-content\/uploads\/2026\/01\/image-21-768x355.png 768w, https:\/\/www.sgnutri.com\/wp-content\/uploads\/2026\/01\/image-21-18x8.png 18w, https:\/\/www.sgnutri.com\/wp-content\/uploads\/2026\/01\/image-21.png 1172w\" sizes=\"auto, (max-width: 1024px) 100vw, 1024px\" \/><\/figure>\n\n\n\n<h2 class=\"wp-block-heading\"><span class=\"ez-toc-section\" id=\"Vitamin_E_The_Guardian_Of_Elastin\"><\/span>Vitamina E: Il guardiano dell'elastina<span class=\"ez-toc-section-end\"><\/span><\/h2>\n\n\n\n<p>Se C \u00e8 responsabile della costruzione della struttura, E \u00e8 responsabile della sua protezione. Affrontare i cedimenti non significa solo costruire una nuova pelle, ma anche smettere di distruggere il capitale esistente.<\/p>\n\n\n\n<p>La vitamina E \u00e8 un potente antiossidante che agisce in modo specifico sullo stress ossidativo dello strato lipidico della pelle. I cedimenti tendono a verificarsi in seguito a danni all'elastina, la proteina che permette alla pelle di tornare in posizione dopo essere stata tirata. I radicali liberi (provenienti dai raggi UV o dall'inquinamento) sono i principali distruttori, mentre la mancanza di vitamina E pu\u00f2 lasciare le fibre elastiche in uno stato di \"striatura\". Una volta che queste fibre si induriscono o si rompono, la pelle perde la sua resilienza, che \u00e8 la causa principale della \"linea della mascella sfocata\" di cui ho parlato prima.<\/p>\n\n\n\n<h2 class=\"wp-block-heading\"><span class=\"ez-toc-section\" id=\"Vitamin_A_Accelerator_Of_Cell_Renewal\"><\/span>Vitamina A: acceleratore del rinnovamento cellulare<span class=\"ez-toc-section-end\"><\/span><\/h2>\n\n\n\n<p>La vitamina A (e i suoi derivati, come il retinolo) sono fondamentali per il ricambio cellulare. Nel contesto della discussione sul rilassamento cutaneo, la carenza di vitamina A significa che il ciclo di rinnovamento diventa lento e ritardato.<\/p>\n\n\n\n<p>Assottigliamento dell'epidermide: Senza una quantit\u00e0 sufficiente di vitamina A, lo strato pi\u00f9 esterno della pelle si assottiglia e diventa fragile.<\/p>\n\n\n\n<p>Mancanza di supporto: La vitamina A stimola i fibroblasti (situati in profondit\u00e0 nella pelle) per mantenere densa la matrice cutanea. In caso di carenza, la pelle non riesce a rinnovarsi abbastanza rapidamente per mantenere la sua consistenza densa e a bomba. Questo \"assottigliamento\" fa apparire pi\u00f9 brusca la perdita dei cuscinetti di grasso e del tono muscolare sottostanti, esacerbando visivamente il senso di cedimento.<\/p>\n\n\n\n<h2 class=\"wp-block-heading\"><span class=\"ez-toc-section\" id=\"Vitamin_D_Barrier_Reinforcements\"><\/span>Vitamina D: rinforzo della barriera<span class=\"ez-toc-section-end\"><\/span><\/h2>\n\n\n\n<p>Questo aspetto \u00e8 spesso sottovalutato nelle discussioni sulla cura della pelle. La vitamina D \u00e8 essenziale per la \"funzione di barriera cutanea\". La barriera cutanea \u00e8 lo scudo pi\u00f9 esterno, responsabile di trattenere l'umidit\u00e0 e bloccare le sostanze irritanti.<\/p>\n\n\n\n<p>Cosa c'entra questo con il rilassamento? In poche parole: l'idratazione crea volume. La mancanza di vitamina D altera la barriera cutanea, con conseguente perdita di acqua transepidermica. Quando la pelle \u00e8 disidratata per lungo tempo a causa della scarsa funzione di barriera, perde la sensazione di pienezza. Questo stato di \"secchezza\" e \"sgonfiamento\" \u00e8 un importante fattore di spinta per la comparsa della texture crespa su collo e guance.<\/p>\n\n\n\n<figure class=\"wp-block-image size-large\"><img loading=\"lazy\" decoding=\"async\" width=\"1024\" height=\"462\" src=\"https:\/\/www.sgnutri.com\/wp-content\/uploads\/2026\/01\/image-22-1024x462.png\" alt=\"La vitamina D migliora la funzione di barriera della pelle.\" class=\"wp-image-47222\" srcset=\"https:\/\/www.sgnutri.com\/wp-content\/uploads\/2026\/01\/image-22-1024x462.png 1024w, https:\/\/www.sgnutri.com\/wp-content\/uploads\/2026\/01\/image-22-300x135.png 300w, https:\/\/www.sgnutri.com\/wp-content\/uploads\/2026\/01\/image-22-768x346.png 768w, https:\/\/www.sgnutri.com\/wp-content\/uploads\/2026\/01\/image-22-18x8.png 18w, https:\/\/www.sgnutri.com\/wp-content\/uploads\/2026\/01\/image-22.png 1171w\" sizes=\"auto, (max-width: 1024px) 100vw, 1024px\" \/><\/figure>\n\n\n\n<h2 class=\"wp-block-heading\"><span class=\"ez-toc-section\" id=\"Vitamin_B3_Niacinamide_Cellular_Energy_Pump\"><\/span>Vitamina B3 (Niacinamide): Pompa di energia cellulare<span class=\"ez-toc-section-end\"><\/span><\/h2>\n\n\n\n<p>Infine, questa \"combinazione sinergica\" dipende molto dalla vitamina B3. Questa vitamina \u00e8 un precursore del NAD e del NADH, che si pu\u00f2 intendere come una molecola che fornisce energia alle cellule.<\/p>\n\n\n\n<p>Con l'invecchiamento, l'energia cellulare si esaurisce. Senza la vitamina B3, le cellule della pelle non sono abbastanza forti per riparare i danni al DNA o sintetizzare le proteine in modo efficiente. La niacinamide aiuta a migliorare la struttura superficiale della pelle, a levigarne la texture e a trattenere l'umidit\u00e0. Senza di essa, la pelle appare spenta, piatta e stanca, senza la sensazione di \"sollevamento\" che i tessuti sani dovrebbero avere.<\/p>\n\n\n\n<section class=\"wp-block-themepark-block-themepark-area block_layout thempark-block undefined\" id=\"maxw\" style=\"padding-bottom:100px;padding-top:100px;\" data-swiper-parallax=\"-700\"><div class=\"block_layout_in clomnsmal  clomnnone\" style=\"\">\n<div class=\"wp-block-column block_layout_in\">\n<p class=\"has-text-align-center has-themecolor-1-color has-text-color has-link-color has-large-font-size wp-elements-a412b82537ce59baad06b01a96b3c1d2\"><strong>All'avanguardia nella nutrizione<\/strong><\/p>\n\n\n\n<div style=\"height:30px\" aria-hidden=\"true\" class=\"wp-block-spacer\"><\/div>\n\n\n\n<section class=\"wp-block-themepark-block-themepark-area block_layout thempark-block undefined  product-demo1\" id=\"maxw\" style=\"\" data-swiper-parallax=\"-700\"><div class=\"block_layout_in clomnsmal  clomnnone\" style=\"\">\n<div class=\"wp-block-column block_layout_in\">\n<div class=\"wp-block-columns\">\n<div class=\"wp-block-column\">\n<div class=\"wp-block-themepark-block-themepark-wright content-super-p\" style=\"font-size:14px;line-height:25px;color:#333333;padding:20px 20px;\">\n<div class=\"wp-block-column\">\n<p class=\"has-themecolor-1-color has-text-color has-link-color has-medium-font-size wp-elements-abc467a7e19bc0b8f4faebef530f0542\"><strong><strong><strong><strong><strong><strong>Fibra solubile<\/strong><\/strong><\/strong><\/strong><\/strong><\/strong><\/p>\n\n\n\n<div style=\"height:10px\" aria-hidden=\"true\" class=\"wp-block-spacer\"><\/div>\n\n\n\n<p>La fibra solubile \u00e8 un ingrediente dietetico altamente stabile e indigeribile che favorisce il controllo del peso aumentando il senso di saziet\u00e0 e riducendo l'assunzione di cibo. Versatile nelle applicazioni, \u00e8 ampiamente utilizzata per migliorare il profilo nutrizionale e la consistenza di alimenti, bevande e prodotti salutistici.<\/p>\n\n\n\n<div style=\"height:16px\" aria-hidden=\"true\" class=\"wp-block-spacer\"><\/div>\n\n\n\n<div class=\"wp-block-themepark-block-btn themepark-i-btn-out\" style=\"text-align:undefined;\"><div class=\"themepark-i-btn-out_ins\" style=\"\"><div class=\"themepark-i-btn-out_in\"><div class=\"themepark-i-btn\" style=\"background-color:#0aa652;color:#ffffff;font-size:14px;border:solid 1px #318ec8;padding:6px 43px;\"><a href=\"https:\/\/www.sgnutri.com\/it\/categoria\/tutti-i-prodotti\/fibra-solubile\/\" rel=\"noopener noreferrer \">Preventivo<\/a><a class=\"hovers\" data-title=\"Get Quote\" style=\"color:#318ec8;background-color:#ffffff;padding:6px 43px;\" href=\"https:\/\/www.sgnutri.com\/it\/categoria\/tutti-i-prodotti\/fibra-solubile\/\" rel=\"noopener noreferrer\" target=\"_self\"><\/a><\/div><\/div><\/div><\/div>\n<\/div>\n<\/div>\n<\/div>\n\n\n\n<div class=\"wp-block-column\" style=\"flex-basis:5%\"><\/div>\n\n\n\n<div class=\"wp-block-column\" style=\"flex-basis:50%\">\n<section class=\"wp-block-themepark-block-themepark-area block_layout thempark-block undefined\" id=\"\" style=\"padding-top:110px;height:300px;box-sizing: border-box;width: 100%;\" data-swiper-parallax=\"-700\"><div class=\"block_layout_in\" style=\"\">\n<div class=\"wp-block-column block_layout_in\">\n<h2 class=\"wp-block-heading has-text-align-center hover-only-title has-themecolor-1-color has-text-color has-link-color wp-elements-b45b7f3fb95a8220ad5d673dd5e4fc25\" style=\"font-size:30px\"><span class=\"ez-toc-section\" id=\"Soluble_Fiber\"><\/span><strong><strong><strong><strong><strong>Fibra solubile<\/strong><\/strong><\/strong><\/strong><\/strong><span class=\"ez-toc-section-end\"><\/span><\/h2>\n<\/div>\n<\/div><div class=\"layout_badh\"><div class=\"PcOnly themepark-block_layout_ba lazyload swiper-lazy\" style=\"background-repeat:no-repeat;background-size:cover;\" data-background=\"https:\/\/www.sgnutri.com\/wp-content\/uploads\/2025\/12\/\u672a\u6807\u9898-2.png\"><\/div><div class=\"MovePnly themepark-block_layout_ba lazyload swiper-move-lazy\" style=\"background-repeat:no-repeat;background-size:cover;\" data-background=\"https:\/\/www.sgnutri.com\/wp-content\/uploads\/2025\/12\/\u672a\u6807\u9898-2.png\"><\/div><\/div><\/section>\n<\/div>\n<\/div>\n<\/div>\n<\/div><div class=\"layout_badh\"><\/div><\/section>\n\n\n\n<div style=\"height:30px\" aria-hidden=\"true\" class=\"wp-block-spacer\"><\/div>\n\n\n\n<section class=\"wp-block-themepark-block-themepark-area block_layout thempark-block undefined  product-demo1\" id=\"maxw\" style=\"\" data-swiper-parallax=\"-700\"><div class=\"block_layout_in clomnsmal  clomnnone\" style=\"\">\n<div class=\"wp-block-column block_layout_in\">\n<div class=\"wp-block-columns\">\n<div class=\"wp-block-column\">\n<div class=\"wp-block-themepark-block-themepark-wright content-super-p\" style=\"font-size:14px;line-height:25px;color:#333333;padding:20px 20px;\">\n<div class=\"wp-block-column\">\n<p class=\"has-themecolor-1-color has-text-color has-link-color has-medium-font-size wp-elements-04e1b3374feb268aed97152a1f9aac63\"><strong><strong>Prebiotico<\/strong><\/strong><\/p>\n\n\n\n<div style=\"height:10px\" aria-hidden=\"true\" class=\"wp-block-spacer\"><\/div>\n\n\n\n<p>Un prebiotico funziona come un fattore di proliferazione che viene selettivamente degradato e utilizzato dai batteri intestinali benefici, come ad esempio&nbsp;<em>Bifidobatteri<\/em>. Questo processo esercita un effetto positivo sulla salute generale dell'uomo, spesso accompagnato da vantaggi metabolici come il basso impatto calorico e le minime fluttuazioni di zucchero nel sangue, grazie alla loro straordinaria stabilit\u00e0 digestiva.<\/p>\n\n\n\n<div style=\"height:16px\" aria-hidden=\"true\" class=\"wp-block-spacer\"><\/div>\n\n\n\n<div class=\"wp-block-themepark-block-btn themepark-i-btn-out\" style=\"text-align:undefined;\"><div class=\"themepark-i-btn-out_ins\" style=\"\"><div class=\"themepark-i-btn-out_in\"><div class=\"themepark-i-btn\" style=\"background-color:#0aa652;color:#ffffff;font-size:14px;border:solid 1px #318ec8;padding:6px 43px;\"><a href=\"https:\/\/www.sgnutri.com\/it\/categoria\/tutti-i-prodotti\/prebiotico\/\" rel=\"noopener noreferrer \">Preventivo<\/a><a class=\"hovers\" data-title=\"Get Quote\" style=\"color:#318ec8;background-color:#ffffff;padding:6px 43px;\" href=\"https:\/\/www.sgnutri.com\/it\/categoria\/tutti-i-prodotti\/prebiotico\/\" rel=\"noopener noreferrer\" target=\"_self\"><\/a><\/div><\/div><\/div><\/div>\n<\/div>\n<\/div>\n<\/div>\n\n\n\n<div class=\"wp-block-column\" style=\"flex-basis:5%\"><\/div>\n\n\n\n<div class=\"wp-block-column\" style=\"flex-basis:50%\">\n<section class=\"wp-block-themepark-block-themepark-area block_layout thempark-block undefined\" id=\"\" style=\"padding-top:110px;height:300px;box-sizing: border-box;width: 100%;\" data-swiper-parallax=\"-700\"><div class=\"block_layout_in\" style=\"\">\n<div class=\"wp-block-column block_layout_in\">\n<h2 class=\"wp-block-heading has-text-align-center hover-only-title has-themecolor-1-color has-text-color has-link-color wp-elements-6dcb043e5f0a710efa5e014da6febeb2\" style=\"font-size:30px\"><span class=\"ez-toc-section\" id=\"Prebiotic\"><\/span><strong><strong>Prebiotico<\/strong><\/strong><span class=\"ez-toc-section-end\"><\/span><\/h2>\n<\/div>\n<\/div><div class=\"layout_badh\"><div class=\"PcOnly themepark-block_layout_ba lazyload swiper-lazy\" style=\"background-repeat:no-repeat;background-size:cover;\" data-background=\"https:\/\/www.sgnutri.com\/wp-content\/uploads\/2025\/12\/\u672a\u6807\u9898-5.png\"><\/div><div class=\"MovePnly themepark-block_layout_ba lazyload swiper-move-lazy\" style=\"background-repeat:no-repeat;background-size:cover;\" data-background=\"https:\/\/www.sgnutri.com\/wp-content\/uploads\/2025\/12\/\u672a\u6807\u9898-5.png\"><\/div><\/div><\/section>\n<\/div>\n<\/div>\n<\/div>\n<\/div><div class=\"layout_badh\"><\/div><\/section>\n\n\n\n<div style=\"height:30px\" aria-hidden=\"true\" class=\"wp-block-spacer\"><\/div>\n\n\n\n<div style=\"height:30px\" aria-hidden=\"true\" class=\"wp-block-spacer\"><\/div>\n\n\n\n<section class=\"wp-block-themepark-block-themepark-area block_layout thempark-block undefined  product-demo1\" id=\"maxw\" style=\"\" data-swiper-parallax=\"-700\"><div class=\"block_layout_in clomnsmal  clomnnone\" style=\"\">\n<div class=\"wp-block-column block_layout_in\">\n<div class=\"wp-block-columns\">\n<div class=\"wp-block-column\">\n<div class=\"wp-block-themepark-block-themepark-wright content-super-p\" style=\"font-size:14px;line-height:25px;color:#333333;padding:20px 20px;\">\n<div class=\"wp-block-column\">\n<p class=\"has-themecolor-1-color has-text-color has-link-color has-medium-font-size wp-elements-9c16a18866d3d60738f810938ceef076\"><strong>Vitamine<\/strong><\/p>\n\n\n\n<div style=\"height:10px\" aria-hidden=\"true\" class=\"wp-block-spacer\"><\/div>\n\n\n\n<p><br>Le vitamine sono micronutrienti organici essenziali, suddivisi in forme idrosolubili e liposolubili, che regolano processi fisiologici critici come il metabolismo, l'immunit\u00e0 e la coagulazione.  A causa della loro sensibilit\u00e0 alla luce, al calore e all'umidit\u00e0, <\/p>\n\n\n\n<div style=\"height:16px\" aria-hidden=\"true\" class=\"wp-block-spacer\"><\/div>\n\n\n\n<div class=\"wp-block-themepark-block-btn themepark-i-btn-out\" style=\"text-align:undefined;\"><div class=\"themepark-i-btn-out_ins\" style=\"\"><div class=\"themepark-i-btn-out_in\"><div class=\"themepark-i-btn\" style=\"background-color:#0aa652;color:#ffffff;font-size:14px;border:solid 1px #318ec8;padding:6px 43px;\"><a href=\"https:\/\/www.sgnutri.com\/it\/categoria\/tutti-i-prodotti\/viatmins\/\" rel=\"noopener noreferrer \">Preventivo<\/a><a class=\"hovers\" data-title=\"Get Quote\" style=\"color:#318ec8;background-color:#ffffff;padding:6px 43px;\" href=\"https:\/\/www.sgnutri.com\/it\/categoria\/tutti-i-prodotti\/viatmins\/\" rel=\"noopener noreferrer\" target=\"_self\"><\/a><\/div><\/div><\/div><\/div>\n<\/div>\n<\/div>\n<\/div>\n\n\n\n<div class=\"wp-block-column\" style=\"flex-basis:5%\"><\/div>\n\n\n\n<div class=\"wp-block-column\" style=\"flex-basis:50%\">\n<section class=\"wp-block-themepark-block-themepark-area block_layout thempark-block undefined\" id=\"\" style=\"padding-top:110px;height:300px;box-sizing: border-box;width: 100%;\" data-swiper-parallax=\"-700\"><div class=\"block_layout_in\" style=\"\">\n<div class=\"wp-block-column block_layout_in\">\n<h2 class=\"wp-block-heading has-text-align-center hover-only-title has-themecolor-1-color has-text-color has-link-color wp-elements-cb59af2c229b8669dc39731809bb0a5b\" style=\"font-size:30px\"><span class=\"ez-toc-section\" id=\"Vitamins\"><\/span><strong>Vitamine<\/strong><span class=\"ez-toc-section-end\"><\/span><\/h2>\n<\/div>\n<\/div><div class=\"layout_badh\"><div class=\"PcOnly themepark-block_layout_ba lazyload swiper-lazy\" style=\"background-repeat:no-repeat;background-size:cover;background-position:center;\" data-background=\"https:\/\/www.sgnutri.com\/wp-content\/uploads\/2025\/12\/\u672a\u6807\u9898-3.png\"><\/div><div class=\"MovePnly themepark-block_layout_ba lazyload swiper-move-lazy\" style=\"background-repeat:no-repeat;background-size:cover;background-position:center;\" data-background=\"https:\/\/www.sgnutri.com\/wp-content\/uploads\/2025\/12\/\u672a\u6807\u9898-3.png\"><\/div><\/div><\/section>\n<\/div>\n<\/div>\n<\/div>\n<\/div><div class=\"layout_badh\"><\/div><\/section>\n\n\n\n<style>\n.product-demo1{\n  border:1px solid #D4D4D4;\n}\n\n\/* \u533a\u5757\u6574\u4f53 hover \u80cc\u666f + \u6587\u5b57\u53d8\u767d *\/\n.product-demo1 {\n    transition: background-color 0.45s ease;\n}\n\n.product-demo1:hover {\n    background-color: var(--wp--preset--color--themecolor-1);\n}\n\n\/* \u5de6\u4fa7\u6240\u6709\u6587\u5b57 hover \u540e\u5f3a\u5236\u767d\u8272 *\/\n.product-demo1:hover .content-super-p,\n.product-demo1:hover .content-super-p p,\n.product-demo1:hover .content-super-p strong,\n.product-demo1:hover .content-super-p .has-medium-font-size {\n    color: #ffffff !important;\n}\n\n\/* \u6309\u94ae\uff1a\u521d\u59cb\u4e3b\u9898\u8272\u5e95+\u767d\u5b57 \u2192 hover \u767d\u5e95+\u4e3b\u9898\u8272\u5b57 *\/\n.product-demo1 .themepark-i-btn {\n    background-color: var(--wp--preset--color--themecolor-1) !important;\n    color: #ffffff !important;\n    border-color: var(--wp--preset--color--themecolor-1) !important;\n    transition: all 0.4s ease;\n}\n\n.product-demo1:hover .themepark-i-btn {\n    background-color: #ffffff !important;\n    color: var(--wp--preset--color--themecolor-1) !important;\n    border-color: var(--wp--preset--color--themecolor-1) !important;\n}\n\n\/* \u2500\u2500\u2500 \u53f3\u4fa7\u56fe\u7247\u533a\u57df\uff1a\u906e\u7f69 + hover-only-title \u2500\u2500\u2500 *\/\n\n.PcOnly.themepark-block_layout_ba {\n    position: relative;           \/* \u5173\u952e\uff1a\u8ba9 ::before \u548c\u5b50\u5143\u7d20\u5b9a\u4f4d *\/\n}\n\n\/* \u906e\u7f69\u5c42\uff1a\u521d\u59cb\u5b8c\u5168\u900f\u660e *\/\n.PcOnly.themepark-block_layout_ba::before {\n    content: \"\";\n    position: absolute;\n    inset: 0;\n    background-color: #000;\n    opacity: 0;\n    transition: opacity 0.5s ease;\n    z-index: 1;\n    pointer-events: none;\n}\n\n\/* hover \u540e\u663e\u793a 30% \u906e\u7f69 *\/\n.product-demo1:hover .PcOnly.themepark-block_layout_ba::before {\n    opacity: 0.3;\n}\n\n\/* hover-only-title\uff1a\u521d\u59cb\u9690\u85cf *\/\n.hover-only-title {\n    opacity: 0;\n    visibility: hidden;\n    transform: translateY(30px);           \/* \u7a0d\u5fae\u5411\u4e0b\u504f\u79fb\uff0c\u589e\u52a0\u51fa\u73b0\u65f6\u7684\u52a8\u6001 *\/\n    transition: all 0.55s ease;\n    z-index: 2;                            \/* \u786e\u4fdd\u5728\u906e\u7f69\u4e0a\u9762 *\/\n    position: relative;                    \/* \u76f8\u5bf9\u5b9a\u4f4d\uff0c\u907f\u514d\u88ab ::before \u76d6\u4f4f *\/\n    text-shadow: 0 3px 12px rgba(0,0,0,0.7);\n}\n\n\/* \u533a\u5757 hover \u540e\uff1a\u663e\u793a\u6807\u9898 + \u5f52\u4f4d + \u52a8\u753b *\/\n.product-demo1:hover .hover-only-title {\n    opacity: 1;\n    visibility: visible;\n    transform: translateY(0);\n}\n\n\/* \u53ef\u9009\uff1ahover \u65f6\u8ba9\u6807\u9898\u66f4\u7a81\u51fa\uff08\u8f7b\u5fae\u653e\u5927\uff09 *\/\n.product-demo1:hover .hover-only-title {\n    transform: translateY(0) scale(1.05);\n}\n<\/style>\n<\/div>\n<\/div><div class=\"layout_badh\"><\/div><\/section>\n\n\n\n<h2 class=\"wp-block-heading\"><span class=\"ez-toc-section\" id=\"Synergistic_Effect_Of_Vitamins\"><\/span>Effetto sinergico delle vitamine<span class=\"ez-toc-section-end\"><\/span><\/h2>\n\n\n\n<p>Il trattamento della pelle cascante non consiste nell'integrare una serie di vitamine a s\u00e9 stanti, ma nel correggere questa carenza cumulativa.<\/p>\n\n\n\n<p>Pensate alla struttura interna della vostra pelle come a un edificio in costruzione:<\/p>\n\n\n\n<ul class=\"wp-block-list\">\n<li>La vitamina C fornisce cemento (collagene).<\/li>\n\n\n\n<li>La vitamina E impedisce all'acciaio di arrugginire (protegge l'elastina).<\/li>\n\n\n\n<li>La vitamina A fa s\u00ec che i lavoratori arrivino in tempo al lavoro (rinnovamento cellulare).<\/li>\n\n\n\n<li>La vitamina D sigilla le finestre per impedire l'intrusione dell'ambiente esterno (funzione di barriera).<\/li>\n\n\n\n<li>La vitamina B3 fornisce elettricit\u00e0 (energia cellulare) all'intero sito.<\/li>\n<\/ul>\n\n\n\n<p>Finch\u00e9 manca uno di questi micronutrienti, l'\"impalcatura\" interna inizier\u00e0 ad allentarsi e la gravit\u00e0 prender\u00e0 naturalmente il sopravvento sul resto.<\/p>\n\n\n\n<p><strong>Autore:Evelyn Harper<\/strong><\/p>\n\n\n\n<p>Con oltre 18 anni di esperienza in dermatologia olistica, sono specializzato nel collegamento tra nutrizione interna e invecchiamento cutaneo. Il mio obiettivo clinico \u00e8 aiutare i pazienti a invertire la perdita di volume e i cedimenti correggendo specifiche carenze di micronutrienti per ricostruire l'integrit\u00e0 strutturale della pelle dall'interno.<\/p>\n<\/div>\n<\/div>","protected":false},"excerpt":{"rendered":"","protected":false},"author":1,"featured_media":47221,"comment_status":"open","ping_status":"open","sticky":false,"template":"","format":"standard","meta":{"_acf_changed":false,"themepark_post_bcolor":"#ffffff","themepark_post_width":"1022px","themepark_post_img":"","themepark_post_img_po":"left","themepark_post_img_re":false,"themepark_post_img_cover":false,"themepark_post_img_fixed":false,"themepark_post_hide_title":false,"themepark_post_main_b":"#ffffff","themepark_post_main_p":100,"themepark_paddingblock":true,"footnotes":""},"categories":[66],"tags":[],"class_list":["post-47220","post","type-post","status-publish","format-standard","has-post-thumbnail","hentry","category-huishou"],"metadata":{"_edit_lock":["1772502024:1"],"rank_math_seo_score":["18"],"rank_math_primary_category":["66"],"_thumbnail_id":["47221"],"themepark_post_bcolor":["#ffffff"],"themepark_post_width":["1022px"],"themepark_post_img":[""],"themepark_post_img_po":["left"],"themepark_post_img_re":[""],"themepark_post_img_cover":[""],"themepark_post_img_fixed":[""],"themepark_post_hide_title":[""],"themepark_post_main_b":["#ffffff"],"themepark_post_main_p":["100"],"themepark_paddingblock":["1"],"footnotes":[""],"_edit_last":["1"],"_ez-toc-disabled":[""],"_ez-toc-insert":[""],"_ez-toc-header-label":[""],"_ez-toc-device-target":[""],"_ez-toc-alignment":["none"],"_ez-toc-heading-levels":["a:0:{}"],"_ez-toc-alttext":[""],"_ez-toc-visibility_hide_by_default":[""],"_ez-toc-hide_counter":[""],"_ez-toc-exclude":[""],"_ez-toc-position-specific":[""],"themepark_seo_title":["What Vitamin Deficiency Causes Sagging Skin"],"themepark_seo_description":["Find Out Exactly What Vitamin Deficiency Causes Sagging Skin. Learn How Vitamin C And 4 Others Restore Skin Firmness."],"themepark_seo_keyword":["What Vitamin Deficiency Causes Sagging Skin"],"catce":["sidebar-widgets4"],"_trp_automatically_translated_slug_ar":["\u0645\u0627-\u0647\u0648-\u0646\u0642\u0635-\u0627\u0644\u0641\u064a\u062a\u0627\u0645\u064a\u0646\u0627\u062a-\u0627\u0644\u0630\u064a-\u064a\u0633\u0628\u0628-\u062a\u0631\u0647\u0644-\u0627\u0644"],"_trp_automatically_translated_slug_de_DE":["welcher-vitaminmangel-schlaffe-haut-verursacht"],"_trp_automatically_translated_slug_es_ES":["que-carencia-de-vitaminas-provoca-la-flacidez-de-la-piel"],"_trp_automatically_translated_slug_fr_FR":["quelle-est-la-carence-en-vitamines-qui-provoque-le-relachement-de-la-peau"],"_trp_automatically_translated_slug_ja":["\u76ae\u819a\u306e\u305f\u308b\u307f\u3092\u5f15\u304d\u8d77\u3053\u3059\u30d3\u30bf\u30df\u30f3\u6b20\u4e4f\u75c7\u3068\u306f"],"_trp_automatically_translated_slug_it_IT":["quale-carenza-di-vitamine-causa-il-rilassamento-cutaneo"],"_trp_automatically_translated_slug_ko_KR":["\ube44\ud0c0\ubbfc-\uacb0\ud54d\uc774-\ud53c\ubd80-\ucc98\uc9d0\uc744-\uc720\ubc1c\ud558\ub294-\uc774\uc720"],"views":["418"],"aggregated_titles":[""],"_aggregated_titles":["field_698ad8fabfec6"],"aggregate_description":[""],"_aggregate_description":["field_698ad913bfec7"],"polymer_product_sku1":[""],"_polymer_product_sku1":["field_698ad932bfec8"],"polymer_product_sku2":[""],"_polymer_product_sku2":["field_698ad93dbfec9"],"polymer_product_sku3":[""],"_polymer_product_sku3":["field_698ad941bfeca"],"aggregated_product_titles1":[""],"_aggregated_product_titles1":["field_698ad945bfecb"],"aggregated_product_titles2":[""],"_aggregated_product_titles2":["field_698ad94dbfecc"],"aggregated_product_titles3":[""],"_aggregated_product_titles3":["field_698ad954bfecd"],"aggregated_product_description1":[""],"_aggregated_product_description1":["field_698ad957bfece"],"aggregated_product_description2":[""],"_aggregated_product_description2":["field_698ad961bfecf"],"aggregated_product_description3":[""],"_aggregated_product_description3":["field_698ad965bfed0"],"polymerization_characteristics_tittle":[""],"_polymerization_characteristics_tittle":["field_699d3c712ad62"],"polymerization_characteristics1":[""],"_polymerization_characteristics1":["field_699d3c742ad63"],"polymerization_characteristics2":[""],"_polymerization_characteristics2":["field_699d3c7d2ad64"],"polymerization_characteristics3":[""],"_polymerization_characteristics3":["field_699d3c802ad65"],"polymerization_characteristics4":[""],"_polymerization_characteristics4":["field_699d3c842ad66"],"polymerization_characteristics5":[""],"_polymerization_characteristics5":["field_699d3c8d2ad67"],"polymerization_characteristics6":[""],"_polymerization_characteristics6":["field_699d3c902ad68"],"polymerization_characteristics_descr1":[""],"_polymerization_characteristics_descr1":["field_699d3c9a2ad69"],"polymerization_characteristics_descr2":[""],"_polymerization_characteristics_descr2":["field_699d3c9c2ad6a"],"polymerization_characteristics_descr3":[""],"_polymerization_characteristics_descr3":["field_699d3c9f2ad6b"],"polymerization_characteristics_descr4":[""],"_polymerization_characteristics_descr4":["field_699d3ca22ad6c"],"polymerization_characteristics_descr5":[""],"_polymerization_characteristics_descr5":["field_699d3ca52ad6d"],"polymerization_characteristics_descr6":[""],"_polymerization_characteristics_descr6":["field_699d3ca92ad6e"],"aggregated_application_scenarios_tittle":[""],"_aggregated_application_scenarios_tittle":["field_699d3cae2ad6f"],"aggregated_application_scenarios1":[""],"_aggregated_application_scenarios1":["field_699d3cbd2ad70"],"aggregated_application_scenarios2":[""],"_aggregated_application_scenarios2":["field_699d3cc52ad71"],"aggregated_application_scenarios3":[""],"_aggregated_application_scenarios3":["field_699d3cc92ad72"],"aggregated_application_scenarios4":[""],"_aggregated_application_scenarios4":["field_699d3ccc2ad73"],"aggregated_application_scenarios5":[""],"_aggregated_application_scenarios5":["field_699d3cd02ad74"],"aggregated_application_scenarios6":[""],"_aggregated_application_scenarios6":["field_699d3cd42ad75"],"product_title":[""],"_product_title":["field_696dddd18cafe"],"product_description":[""],"_product_description":["field_696ddded8caff"],"product_parameter1":[""],"_product_parameter1":["field_696dddf48cb00"],"product_parameter2":[""],"_product_parameter2":["field_696dddfd8cb01"],"product_parameter3":[""],"_product_parameter3":["field_696dde018cb02"],"product_parameter4":[""],"_product_parameter4":["field_698bf07160199"],"product_parameter5":[""],"_product_parameter5":["field_698bf0746019a"],"product_parameter6":[""],"_product_parameter6":["field_698bf0786019b"],"product_parameter7":[""],"_product_parameter7":["field_698bf07b6019c"],"product_parameter8":[""],"_product_parameter8":["field_698bf07e6019d"],"product_parameter9":[""],"_product_parameter9":["field_698bf0816019e"],"parameter_describ":[""],"_parameter_describ":["field_698bf08a6019f"],"product_parameter_description1":[""],"_product_parameter_description1":["field_696dde048cb03"],"product_parameter_description2":[""],"_product_parameter_description2":["field_696dde0c8cb04"],"product_parameter_description3":[""],"_product_parameter_description3":["field_696dde118cb05"],"product_parameter_description4":[""],"_product_parameter_description4":["field_698bf04f60193"],"product_parameter_description5":[""],"_product_parameter_description5":["field_698bf05560194"],"product_parameter_description6":[""],"_product_parameter_description6":["field_698bf05960195"],"product_parameter_description7":[""],"_product_parameter_description7":["field_698bf05c60196"],"product_parameter_description8":[""],"_product_parameter_description8":["field_698bf05f60197"],"product_parameter_description9":[""],"_product_parameter_description9":["field_698bf06360198"],"characteristics_tittle":[""],"_characteristics_tittle":["field_696dde148cb06"],"characteristics_tittle1":[""],"_characteristics_tittle1":["field_696dde1b8cb07"],"characteristics_tittle2":[""],"_characteristics_tittle2":["field_696dde238cb08"],"characteristics_tittle3":[""],"_characteristics_tittle3":["field_696dde278cb09"],"characteristics_tittle4":[""],"_characteristics_tittle4":["field_696dde2a8cb0a"],"characteristics_tittle5":[""],"_characteristics_tittle5":["field_696dde2e8cb0b"],"characteristics_tittle6":[""],"_characteristics_tittle6":["field_696dde318cb0c"],"characteristics_description1":[""],"_characteristics_description1":["field_696dde368cb0d"],"characteristics_description2":[""],"_characteristics_description2":["field_696dde408cb0e"],"characteristics_description3":[""],"_characteristics_description3":["field_696dde438cb0f"],"characteristics_description4":[""],"_characteristics_description4":["field_696dde468cb10"],"characteristics_description5":[""],"_characteristics_description5":["field_696dde498cb11"],"characteristics_description6":[""],"_characteristics_description6":["field_696dde4d8cb12"],"comparison_points_tittle":[""],"_comparison_points_tittle":["field_696dde528cb13"],"comparison_points_tittle1":[""],"_comparison_points_tittle1":["field_696dde608cb14"],"comparison_points_tittle2":[""],"_comparison_points_tittle2":["field_696dde668cb15"],"comparison_points_tittle3":[""],"_comparison_points_tittle3":["field_696dde6c8cb16"],"comparison_points_description":[""],"_comparison_points_description":["field_696dde708cb17"],"comparison_points_description1":[""],"_comparison_points_description1":["field_696dde888cb18"],"comparison_points_description2":[""],"_comparison_points_description2":["field_696dde908cb19"],"comparison_points_description3":[""],"_comparison_points_description3":["field_696dde948cb1a"],"application_title":[""],"_application_title":["field_696dde988cb1b"],"application_title1":[""],"_application_title1":["field_696ddea68cb1c"],"application_title2":[""],"_application_title2":["field_696ddeb18cb1d"],"application_title3":[""],"_application_title3":["field_696ddeb58cb1e"],"application_title4":[""],"_application_title4":["field_696ddebd8cb1f"],"application_describe1":[""],"_application_describe1":["field_696ddec48cb20"],"application_describe2":[""],"_application_describe2":["field_696dded08cb21"],"application_describe3":[""],"_application_describe3":["field_696dded38cb22"],"application_describe4":[""],"_application_describe4":["field_696dded78cb23"],"instruction_title":[""],"_instruction_title":["field_696ddedb8cb24"],"instruction_title1":[""],"_instruction_title1":["field_696ddee68cb25"],"instruction_title2":[""],"_instruction_title2":["field_696ddef58cb26"],"instruction_title3":[""],"_instruction_title3":["field_696ddef98cb27"],"instruction_title4":[""],"_instruction_title4":["field_696ddefc8cb28"],"instruction_describe1":[""],"_instruction_describe1":["field_696ddeff8cb29"],"instruction_describe2":[""],"_instruction_describe2":["field_696ddf078cb2a"],"instruction_describe3":[""],"_instruction_describe3":["field_696ddf0b8cb2b"],"instruction_describe4":[""],"_instruction_describe4":["field_696ddf0e8cb2c"],"material":[""],"_material":["field_696eed876b2b8"],"material_description":[""],"_material_description":["field_696eed896b2b9"],"pre_and_post_sales_titles":[""],"_pre_and_post_sales_titles":["field_696eed906b2ba"],"after_sales_service_title":[""],"_after_sales_service_title":["field_696eeda36b2bb"],"before_sales_service_title":[""],"_before_sales_service_title":["field_696eedbb6b2bc"],"after_sales_service_describe":[""],"_after_sales_service_describe":["field_696eedc86b2bd"],"before_sales_service_describe":[""],"_before_sales_service_describe":["field_696eedcf6b2be"],"faq_question1":[""],"_faq_question1":["field_696eedd56b2bf"],"faq_question2":[""],"_faq_question2":["field_696eedee6b2c0"],"faq_question3":[""],"_faq_question3":["field_696eedf36b2c1"],"faq_question4":[""],"_faq_question4":["field_696eedf76b2c2"],"faq_question5":[""],"_faq_question5":["field_696eedfb6b2c3"],"faq_question6":[""],"_faq_question6":["field_696eedfe6b2c4"],"faq_answer1":[""],"_faq_answer1":["field_696eee026b2c5"],"faq_answer2":[""],"_faq_answer2":["field_696eee0b6b2c6"],"faq_answer3":[""],"_faq_answer3":["field_696eee0e6b2c7"],"faq_answer4":[""],"_faq_answer4":["field_696eee126b2c8"],"faq_answer5":[""],"_faq_answer5":["field_696eee156b2c9"],"faq_answer6":[""],"_faq_answer6":["field_696eee196b2ca"],"detailed_specifications_table":[""],"_detailed_specifications_table":["field_697738b0ef515"]},"acf":[],"medium_url":"https:\/\/www.sgnutri.com\/wp-content\/uploads\/2026\/01\/image-21-300x139.png","thumbnail_url":"https:\/\/www.sgnutri.com\/wp-content\/uploads\/2026\/01\/image-21-150x150.png","full_url":"https:\/\/www.sgnutri.com\/wp-content\/uploads\/2026\/01\/image-21.png","_links":{"self":[{"href":"https:\/\/www.sgnutri.com\/it\/wp-json\/wp\/v2\/posts\/47220","targetHints":{"allow":["GET"]}}],"collection":[{"href":"https:\/\/www.sgnutri.com\/it\/wp-json\/wp\/v2\/posts"}],"about":[{"href":"https:\/\/www.sgnutri.com\/it\/wp-json\/wp\/v2\/types\/post"}],"author":[{"embeddable":true,"href":"https:\/\/www.sgnutri.com\/it\/wp-json\/wp\/v2\/users\/1"}],"replies":[{"embeddable":true,"href":"https:\/\/www.sgnutri.com\/it\/wp-json\/wp\/v2\/comments?post=47220"}],"version-history":[{"count":2,"href":"https:\/\/www.sgnutri.com\/it\/wp-json\/wp\/v2\/posts\/47220\/revisions"}],"predecessor-version":[{"id":48328,"href":"https:\/\/www.sgnutri.com\/it\/wp-json\/wp\/v2\/posts\/47220\/revisions\/48328"}],"wp:featuredmedia":[{"embeddable":true,"href":"https:\/\/www.sgnutri.com\/it\/wp-json\/wp\/v2\/media\/47221"}],"wp:attachment":[{"href":"https:\/\/www.sgnutri.com\/it\/wp-json\/wp\/v2\/media?parent=47220"}],"wp:term":[{"taxonomy":"category","embeddable":true,"href":"https:\/\/www.sgnutri.com\/it\/wp-json\/wp\/v2\/categories?post=47220"},{"taxonomy":"post_tag","embeddable":true,"href":"https:\/\/www.sgnutri.com\/it\/wp-json\/wp\/v2\/tags?post=47220"}],"curies":[{"name":"wp","href":"https:\/\/api.w.org\/{rel}","templated":true}]}}