{"id":47337,"date":"2026-01-01T14:22:19","date_gmt":"2026-01-01T06:22:19","guid":{"rendered":"https:\/\/www.sgnutri.com\/?p=47337"},"modified":"2026-03-03T10:16:21","modified_gmt":"2026-03-03T02:16:21","slug":"come-assumere-i-prebiotici-con-i-probiotici","status":"publish","type":"post","link":"https:\/\/www.sgnutri.com\/it\/come-assumere-i-prebiotici-con-i-probiotici\/","title":{"rendered":"Come assumere i prebiotici con i probiotici"},"content":{"rendered":"<div class=\"wp-block-themepark-block-themepark-wright content-super-p  blog-jiange\" style=\"font-size:17px;line-height:28px;color:#211c1c;padding:10px 20px;\">\n<div class=\"wp-block-column\">\n<p>Il modo pi\u00f9 efficace per assumere prebiotici e probiotici \u00e8 quello di assumerli contemporaneamente. La finestra temporale ideale \u00e8 da 15 a 30 minuti prima del primo pasto giornaliero.<\/p>\n\n\n\n<p>Nel campo della medicina funzionale, ci si riferisce a questa combinazione come alla strategia \"sinbiotica\". A stomaco vuoto, utilizzare 1 tazza di acqua a temperatura ambiente per inviarli insieme, il che \u00e8 come se si fosse appena \"svegliato\" nel tratto intestinale dei probiotici (batteri benefici) consegnati direttamente sulle 1 razioni gi\u00e0 pronte (prebiotici). Questa strategia di \"fertilizzazione dei semi\" pu\u00f2 aumentare significativamente il tasso di sopravvivenza dei batteri e massimizzare il ritorno sull'investimento nella salute dell'intestino.<\/p>\n\n\n\n<p>Per la maggior parte degli adulti che desiderano ottimizzare la propria salute, non \u00e8 necessario assumerli separatamente; anzi, assumerli separatamente pu\u00f2 ridurre il loro potenziale di azione congiunta. Tuttavia, se state provando questo regime per la prima volta, la chiave \u00e8 la regolarit\u00e0: assumetelo alla stessa ora ogni mattina per stabilire un ritmo per il vostro sistema digestivo.<\/p>\n\n\n\n<figure class=\"wp-block-image size-large\"><img loading=\"lazy\" decoding=\"async\" width=\"1024\" height=\"469\" src=\"https:\/\/www.sgnutri.com\/wp-content\/uploads\/2026\/01\/image-78-1024x469.png\" alt=\"Foto di prebiotici\" class=\"wp-image-47338\" srcset=\"https:\/\/www.sgnutri.com\/wp-content\/uploads\/2026\/01\/image-78-1024x469.png 1024w, https:\/\/www.sgnutri.com\/wp-content\/uploads\/2026\/01\/image-78-300x138.png 300w, https:\/\/www.sgnutri.com\/wp-content\/uploads\/2026\/01\/image-78-768x352.png 768w, https:\/\/www.sgnutri.com\/wp-content\/uploads\/2026\/01\/image-78-18x8.png 18w, https:\/\/www.sgnutri.com\/wp-content\/uploads\/2026\/01\/image-78.png 1167w\" sizes=\"auto, (max-width: 1024px) 100vw, 1024px\" \/><\/figure>\n\n\n\n<h2 class=\"wp-block-heading\"><span class=\"ez-toc-section\" id=\"Understanding_The_%E2%80%9CSynbiotic%E2%80%9D_Logic\"><\/span>Comprendere la logica dei \"sinbiotici<span class=\"ez-toc-section-end\"><\/span><\/h2>\n\n\n\n<p>Per imparare a conoscere il modo corretto di assumere prebiotici e probiotici, \u00e8 necessario cambiare il proprio modo di pensare: non bisogna pensare a due integratori separati, ma a una coppia di partner che lavorano per un obiettivo comune. Questo \u00e8 il cuore di synbiotic.<\/p>\n\n\n\n<p>Spesso faccio questa analogia: pensate ai probiotici come a dei semi che state per piantare nel vostro giardino (il vostro microbiota intestinale), mentre i prebiotici sono i fertilizzanti di alta qualit\u00e0 di cui questi semi hanno bisogno per crescere. Se ci si limita a seminare senza concimare, i semi potrebbero avere difficolt\u00e0 a sopravvivere nel difficile ambiente del tratto digestivo.<\/p>\n\n\n\n<p>Mangiarli insieme significa essenzialmente lasciare che i semi portino con s\u00e9 il proprio \"bento box\" durante il viaggio. In questo modo, una volta che i batteri benefici raggiungono l'intestino, ci sar\u00e0 il carburante per iniziare la colonizzazione, invece di aspettare affamati il pasto successivo.<\/p>\n\n\n\n<h2 class=\"wp-block-heading\"><span class=\"ez-toc-section\" id=\"Why_Time_Is_Critical\"><\/span>Perch\u00e9 il tempo \u00e8 fondamentale<span class=\"ez-toc-section-end\"><\/span><\/h2>\n\n\n\n<p>Si consiglia di assumerlo da 15 a 30 minuti prima del primo pasto. Questa strategia \u00e8 molto particolare.<\/p>\n\n\n\n<p>Mangiare a stomaco vuoto permette all'integratore di passare rapidamente attraverso l'ambiente acido senza essere ripetutamente mescolato in una colazione pesante. Tuttavia, non consiglio nemmeno di rimanere a digiuno per diverse ore dopo aver mangiato. Questo periodo cuscinetto di 15-30 minuti \u00e8 sufficiente perch\u00e9 la capsula o la polvere raggiunga l'intestino, mentre l'assunzione della colazione stimoler\u00e0 ulteriormente la digestione e la peristalsi.<\/p>\n\n\n\n<p>Questa differenza di tempo \u00e8 giusta, il che non solo massimizza il tasso di sopravvivenza dei batteri, ma permette loro di \"depositarsi\" prima che il carico digestivo si faccia sentire.<\/p>\n\n\n\n<section class=\"wp-block-themepark-block-themepark-area block_layout thempark-block undefined\" id=\"maxw\" style=\"padding-bottom:100px;padding-top:100px;\" data-swiper-parallax=\"-700\"><div class=\"block_layout_in clomnsmal  clomnnone\" style=\"\">\n<div class=\"wp-block-column block_layout_in\">\n<p class=\"has-text-align-center has-themecolor-1-color has-text-color has-link-color has-large-font-size wp-elements-a412b82537ce59baad06b01a96b3c1d2\"><strong>All'avanguardia nella nutrizione<\/strong><\/p>\n\n\n\n<div style=\"height:30px\" aria-hidden=\"true\" class=\"wp-block-spacer\"><\/div>\n\n\n\n<section class=\"wp-block-themepark-block-themepark-area block_layout thempark-block undefined  product-demo1\" id=\"maxw\" style=\"\" data-swiper-parallax=\"-700\"><div class=\"block_layout_in clomnsmal  clomnnone\" style=\"\">\n<div class=\"wp-block-column block_layout_in\">\n<div class=\"wp-block-columns\">\n<div class=\"wp-block-column\">\n<div class=\"wp-block-themepark-block-themepark-wright content-super-p\" style=\"font-size:14px;line-height:25px;color:#333333;padding:20px 20px;\">\n<div class=\"wp-block-column\">\n<p class=\"has-themecolor-1-color has-text-color has-link-color has-medium-font-size wp-elements-abc467a7e19bc0b8f4faebef530f0542\"><strong><strong><strong><strong><strong><strong>Fibra solubile<\/strong><\/strong><\/strong><\/strong><\/strong><\/strong><\/p>\n\n\n\n<div style=\"height:10px\" aria-hidden=\"true\" class=\"wp-block-spacer\"><\/div>\n\n\n\n<p>La fibra solubile \u00e8 un ingrediente dietetico altamente stabile e indigeribile che favorisce il controllo del peso aumentando il senso di saziet\u00e0 e riducendo l'assunzione di cibo. Versatile nelle applicazioni, \u00e8 ampiamente utilizzata per migliorare il profilo nutrizionale e la consistenza di alimenti, bevande e prodotti salutistici.<\/p>\n\n\n\n<div style=\"height:16px\" aria-hidden=\"true\" class=\"wp-block-spacer\"><\/div>\n\n\n\n<div class=\"wp-block-themepark-block-btn themepark-i-btn-out\" style=\"text-align:undefined;\"><div class=\"themepark-i-btn-out_ins\" style=\"\"><div class=\"themepark-i-btn-out_in\"><div class=\"themepark-i-btn\" style=\"background-color:#0aa652;color:#ffffff;font-size:14px;border:solid 1px #318ec8;padding:6px 43px;\"><a href=\"https:\/\/www.sgnutri.com\/it\/categoria\/tutti-i-prodotti\/fibra-solubile\/\" rel=\"noopener noreferrer \">Preventivo<\/a><a class=\"hovers\" data-title=\"Get Quote\" style=\"color:#318ec8;background-color:#ffffff;padding:6px 43px;\" href=\"https:\/\/www.sgnutri.com\/it\/categoria\/tutti-i-prodotti\/fibra-solubile\/\" rel=\"noopener noreferrer\" target=\"_self\"><\/a><\/div><\/div><\/div><\/div>\n<\/div>\n<\/div>\n<\/div>\n\n\n\n<div class=\"wp-block-column\" style=\"flex-basis:5%\"><\/div>\n\n\n\n<div class=\"wp-block-column\" style=\"flex-basis:50%\">\n<section class=\"wp-block-themepark-block-themepark-area block_layout thempark-block undefined\" id=\"\" style=\"padding-top:110px;height:300px;box-sizing: border-box;width: 100%;\" data-swiper-parallax=\"-700\"><div class=\"block_layout_in\" style=\"\">\n<div class=\"wp-block-column block_layout_in\">\n<h2 class=\"wp-block-heading has-text-align-center hover-only-title has-themecolor-1-color has-text-color has-link-color wp-elements-b45b7f3fb95a8220ad5d673dd5e4fc25\" style=\"font-size:30px\"><span class=\"ez-toc-section\" id=\"Soluble_Fiber\"><\/span><strong><strong><strong><strong><strong>Fibra solubile<\/strong><\/strong><\/strong><\/strong><\/strong><span class=\"ez-toc-section-end\"><\/span><\/h2>\n<\/div>\n<\/div><div class=\"layout_badh\"><div class=\"PcOnly themepark-block_layout_ba lazyload swiper-lazy\" style=\"background-repeat:no-repeat;background-size:cover;\" data-background=\"https:\/\/www.sgnutri.com\/wp-content\/uploads\/2025\/12\/\u672a\u6807\u9898-2.png\"><\/div><div class=\"MovePnly themepark-block_layout_ba lazyload swiper-move-lazy\" style=\"background-repeat:no-repeat;background-size:cover;\" data-background=\"https:\/\/www.sgnutri.com\/wp-content\/uploads\/2025\/12\/\u672a\u6807\u9898-2.png\"><\/div><\/div><\/section>\n<\/div>\n<\/div>\n<\/div>\n<\/div><div class=\"layout_badh\"><\/div><\/section>\n\n\n\n<div style=\"height:30px\" aria-hidden=\"true\" class=\"wp-block-spacer\"><\/div>\n\n\n\n<section class=\"wp-block-themepark-block-themepark-area block_layout thempark-block undefined  product-demo1\" id=\"maxw\" style=\"\" data-swiper-parallax=\"-700\"><div class=\"block_layout_in clomnsmal  clomnnone\" style=\"\">\n<div class=\"wp-block-column block_layout_in\">\n<div class=\"wp-block-columns\">\n<div class=\"wp-block-column\">\n<div class=\"wp-block-themepark-block-themepark-wright content-super-p\" style=\"font-size:14px;line-height:25px;color:#333333;padding:20px 20px;\">\n<div class=\"wp-block-column\">\n<p class=\"has-themecolor-1-color has-text-color has-link-color has-medium-font-size wp-elements-04e1b3374feb268aed97152a1f9aac63\"><strong><strong>Prebiotico<\/strong><\/strong><\/p>\n\n\n\n<div style=\"height:10px\" aria-hidden=\"true\" class=\"wp-block-spacer\"><\/div>\n\n\n\n<p>Un prebiotico funziona come un fattore di proliferazione che viene selettivamente degradato e utilizzato dai batteri intestinali benefici, come ad esempio&nbsp;<em>Bifidobatteri<\/em>. Questo processo esercita un effetto positivo sulla salute generale dell'uomo, spesso accompagnato da vantaggi metabolici come il basso impatto calorico e le minime fluttuazioni di zucchero nel sangue, grazie alla loro straordinaria stabilit\u00e0 digestiva.<\/p>\n\n\n\n<div style=\"height:16px\" aria-hidden=\"true\" class=\"wp-block-spacer\"><\/div>\n\n\n\n<div class=\"wp-block-themepark-block-btn themepark-i-btn-out\" style=\"text-align:undefined;\"><div class=\"themepark-i-btn-out_ins\" style=\"\"><div class=\"themepark-i-btn-out_in\"><div class=\"themepark-i-btn\" style=\"background-color:#0aa652;color:#ffffff;font-size:14px;border:solid 1px #318ec8;padding:6px 43px;\"><a href=\"https:\/\/www.sgnutri.com\/it\/categoria\/tutti-i-prodotti\/prebiotico\/\" rel=\"noopener noreferrer \">Preventivo<\/a><a class=\"hovers\" data-title=\"Get Quote\" style=\"color:#318ec8;background-color:#ffffff;padding:6px 43px;\" href=\"https:\/\/www.sgnutri.com\/it\/categoria\/tutti-i-prodotti\/prebiotico\/\" rel=\"noopener noreferrer\" target=\"_self\"><\/a><\/div><\/div><\/div><\/div>\n<\/div>\n<\/div>\n<\/div>\n\n\n\n<div class=\"wp-block-column\" style=\"flex-basis:5%\"><\/div>\n\n\n\n<div class=\"wp-block-column\" style=\"flex-basis:50%\">\n<section class=\"wp-block-themepark-block-themepark-area block_layout thempark-block undefined\" id=\"\" style=\"padding-top:110px;height:300px;box-sizing: border-box;width: 100%;\" data-swiper-parallax=\"-700\"><div class=\"block_layout_in\" style=\"\">\n<div class=\"wp-block-column block_layout_in\">\n<h2 class=\"wp-block-heading has-text-align-center hover-only-title has-themecolor-1-color has-text-color has-link-color wp-elements-6dcb043e5f0a710efa5e014da6febeb2\" style=\"font-size:30px\"><span class=\"ez-toc-section\" id=\"Prebiotic\"><\/span><strong><strong>Prebiotico<\/strong><\/strong><span class=\"ez-toc-section-end\"><\/span><\/h2>\n<\/div>\n<\/div><div class=\"layout_badh\"><div class=\"PcOnly themepark-block_layout_ba lazyload swiper-lazy\" style=\"background-repeat:no-repeat;background-size:cover;\" data-background=\"https:\/\/www.sgnutri.com\/wp-content\/uploads\/2025\/12\/\u672a\u6807\u9898-5.png\"><\/div><div class=\"MovePnly themepark-block_layout_ba lazyload swiper-move-lazy\" style=\"background-repeat:no-repeat;background-size:cover;\" data-background=\"https:\/\/www.sgnutri.com\/wp-content\/uploads\/2025\/12\/\u672a\u6807\u9898-5.png\"><\/div><\/div><\/section>\n<\/div>\n<\/div>\n<\/div>\n<\/div><div class=\"layout_badh\"><\/div><\/section>\n\n\n\n<div style=\"height:30px\" aria-hidden=\"true\" class=\"wp-block-spacer\"><\/div>\n\n\n\n<div style=\"height:30px\" aria-hidden=\"true\" class=\"wp-block-spacer\"><\/div>\n\n\n\n<section class=\"wp-block-themepark-block-themepark-area block_layout thempark-block undefined  product-demo1\" id=\"maxw\" style=\"\" data-swiper-parallax=\"-700\"><div class=\"block_layout_in clomnsmal  clomnnone\" style=\"\">\n<div class=\"wp-block-column block_layout_in\">\n<div class=\"wp-block-columns\">\n<div class=\"wp-block-column\">\n<div class=\"wp-block-themepark-block-themepark-wright content-super-p\" style=\"font-size:14px;line-height:25px;color:#333333;padding:20px 20px;\">\n<div class=\"wp-block-column\">\n<p class=\"has-themecolor-1-color has-text-color has-link-color has-medium-font-size wp-elements-9c16a18866d3d60738f810938ceef076\"><strong>Vitamine<\/strong><\/p>\n\n\n\n<div style=\"height:10px\" aria-hidden=\"true\" class=\"wp-block-spacer\"><\/div>\n\n\n\n<p><br>Le vitamine sono micronutrienti organici essenziali, suddivisi in forme idrosolubili e liposolubili, che regolano processi fisiologici critici come il metabolismo, l'immunit\u00e0 e la coagulazione.  A causa della loro sensibilit\u00e0 alla luce, al calore e all'umidit\u00e0, <\/p>\n\n\n\n<div style=\"height:16px\" aria-hidden=\"true\" class=\"wp-block-spacer\"><\/div>\n\n\n\n<div class=\"wp-block-themepark-block-btn themepark-i-btn-out\" style=\"text-align:undefined;\"><div class=\"themepark-i-btn-out_ins\" style=\"\"><div class=\"themepark-i-btn-out_in\"><div class=\"themepark-i-btn\" style=\"background-color:#0aa652;color:#ffffff;font-size:14px;border:solid 1px #318ec8;padding:6px 43px;\"><a href=\"https:\/\/www.sgnutri.com\/it\/categoria\/tutti-i-prodotti\/viatmins\/\" rel=\"noopener noreferrer \">Preventivo<\/a><a class=\"hovers\" data-title=\"Get Quote\" style=\"color:#318ec8;background-color:#ffffff;padding:6px 43px;\" href=\"https:\/\/www.sgnutri.com\/it\/categoria\/tutti-i-prodotti\/viatmins\/\" rel=\"noopener noreferrer\" target=\"_self\"><\/a><\/div><\/div><\/div><\/div>\n<\/div>\n<\/div>\n<\/div>\n\n\n\n<div class=\"wp-block-column\" style=\"flex-basis:5%\"><\/div>\n\n\n\n<div class=\"wp-block-column\" style=\"flex-basis:50%\">\n<section class=\"wp-block-themepark-block-themepark-area block_layout thempark-block undefined\" id=\"\" style=\"padding-top:110px;height:300px;box-sizing: border-box;width: 100%;\" data-swiper-parallax=\"-700\"><div class=\"block_layout_in\" style=\"\">\n<div class=\"wp-block-column block_layout_in\">\n<h2 class=\"wp-block-heading has-text-align-center hover-only-title has-themecolor-1-color has-text-color has-link-color wp-elements-cb59af2c229b8669dc39731809bb0a5b\" style=\"font-size:30px\"><span class=\"ez-toc-section\" id=\"Vitamins\"><\/span><strong>Vitamine<\/strong><span class=\"ez-toc-section-end\"><\/span><\/h2>\n<\/div>\n<\/div><div class=\"layout_badh\"><div class=\"PcOnly themepark-block_layout_ba lazyload swiper-lazy\" style=\"background-repeat:no-repeat;background-size:cover;background-position:center;\" data-background=\"https:\/\/www.sgnutri.com\/wp-content\/uploads\/2025\/12\/\u672a\u6807\u9898-3.png\"><\/div><div class=\"MovePnly themepark-block_layout_ba lazyload swiper-move-lazy\" style=\"background-repeat:no-repeat;background-size:cover;background-position:center;\" data-background=\"https:\/\/www.sgnutri.com\/wp-content\/uploads\/2025\/12\/\u672a\u6807\u9898-3.png\"><\/div><\/div><\/section>\n<\/div>\n<\/div>\n<\/div>\n<\/div><div class=\"layout_badh\"><\/div><\/section>\n\n\n\n<style>\n.product-demo1{\n  border:1px solid #D4D4D4;\n}\n\n\/* \u533a\u5757\u6574\u4f53 hover \u80cc\u666f + \u6587\u5b57\u53d8\u767d *\/\n.product-demo1 {\n    transition: background-color 0.45s ease;\n}\n\n.product-demo1:hover {\n    background-color: var(--wp--preset--color--themecolor-1);\n}\n\n\/* \u5de6\u4fa7\u6240\u6709\u6587\u5b57 hover \u540e\u5f3a\u5236\u767d\u8272 *\/\n.product-demo1:hover .content-super-p,\n.product-demo1:hover .content-super-p p,\n.product-demo1:hover .content-super-p strong,\n.product-demo1:hover .content-super-p .has-medium-font-size {\n    color: #ffffff !important;\n}\n\n\/* \u6309\u94ae\uff1a\u521d\u59cb\u4e3b\u9898\u8272\u5e95+\u767d\u5b57 \u2192 hover \u767d\u5e95+\u4e3b\u9898\u8272\u5b57 *\/\n.product-demo1 .themepark-i-btn {\n    background-color: var(--wp--preset--color--themecolor-1) !important;\n    color: #ffffff !important;\n    border-color: var(--wp--preset--color--themecolor-1) !important;\n    transition: all 0.4s ease;\n}\n\n.product-demo1:hover .themepark-i-btn {\n    background-color: #ffffff !important;\n    color: var(--wp--preset--color--themecolor-1) !important;\n    border-color: var(--wp--preset--color--themecolor-1) !important;\n}\n\n\/* \u2500\u2500\u2500 \u53f3\u4fa7\u56fe\u7247\u533a\u57df\uff1a\u906e\u7f69 + hover-only-title \u2500\u2500\u2500 *\/\n\n.PcOnly.themepark-block_layout_ba {\n    position: relative;           \/* \u5173\u952e\uff1a\u8ba9 ::before \u548c\u5b50\u5143\u7d20\u5b9a\u4f4d *\/\n}\n\n\/* \u906e\u7f69\u5c42\uff1a\u521d\u59cb\u5b8c\u5168\u900f\u660e *\/\n.PcOnly.themepark-block_layout_ba::before {\n    content: \"\";\n    position: absolute;\n    inset: 0;\n    background-color: #000;\n    opacity: 0;\n    transition: opacity 0.5s ease;\n    z-index: 1;\n    pointer-events: none;\n}\n\n\/* hover \u540e\u663e\u793a 30% \u906e\u7f69 *\/\n.product-demo1:hover .PcOnly.themepark-block_layout_ba::before {\n    opacity: 0.3;\n}\n\n\/* hover-only-title\uff1a\u521d\u59cb\u9690\u85cf *\/\n.hover-only-title {\n    opacity: 0;\n    visibility: hidden;\n    transform: translateY(30px);           \/* \u7a0d\u5fae\u5411\u4e0b\u504f\u79fb\uff0c\u589e\u52a0\u51fa\u73b0\u65f6\u7684\u52a8\u6001 *\/\n    transition: all 0.55s ease;\n    z-index: 2;                            \/* \u786e\u4fdd\u5728\u906e\u7f69\u4e0a\u9762 *\/\n    position: relative;                    \/* \u76f8\u5bf9\u5b9a\u4f4d\uff0c\u907f\u514d\u88ab ::before \u76d6\u4f4f *\/\n    text-shadow: 0 3px 12px rgba(0,0,0,0.7);\n}\n\n\/* \u533a\u5757 hover \u540e\uff1a\u663e\u793a\u6807\u9898 + \u5f52\u4f4d + \u52a8\u753b *\/\n.product-demo1:hover .hover-only-title {\n    opacity: 1;\n    visibility: visible;\n    transform: translateY(0);\n}\n\n\/* \u53ef\u9009\uff1ahover \u65f6\u8ba9\u6807\u9898\u66f4\u7a81\u51fa\uff08\u8f7b\u5fae\u653e\u5927\uff09 *\/\n.product-demo1:hover .hover-only-title {\n    transform: translateY(0) scale(1.05);\n}\n<\/style>\n<\/div>\n<\/div><div class=\"layout_badh\"><\/div><\/section>\n\n\n\n<h2 class=\"wp-block-heading\"><span class=\"ez-toc-section\" id=\"The_Role_Of_Water_Temperature_And_Regularity\"><\/span>Il ruolo della temperatura e della regolarit\u00e0 dell'acqua<span class=\"ez-toc-section-end\"><\/span><\/h2>\n\n\n\n<p>Il metodo di somministrazione \u00e8 importante quanto il momento in cui decidere come assumerlo. L'acqua a temperatura ambiente \u00e8 il mezzo pi\u00f9 sicuro. Un liquido troppo caldo pu\u00f2 uccidere direttamente i ceppi probiotici sensibili al calore, mentre bere acqua ghiacciata al mattino presto pu\u00f2 causare uno shock inutile al sistema digestivo.<\/p>\n\n\n\n<p>Inoltre, la salute dell'intestino dipende molto dal \"ritmo\". Anche il microbioma ha un ritmo circadiano, proprio come il ciclo del sonno. Ingerendo la combinazione di sinbiotici alla stessa ora ogni mattina, si allena il sistema digestivo ad anticipare l'arrivo di questa ondata di batteri benefici e fibre. Nelle mie osservazioni cliniche, coloro che ritengono che \"non importa come mangiare, non ha alcun effetto\" spesso non hanno questo legame: la continuit\u00e0.<\/p>\n\n\n\n<h2 class=\"wp-block-heading\"><span class=\"ez-toc-section\" id=\"Do_You_Need_To_Eat_Them_Separately\"><\/span>\u00c8 necessario mangiarli separatamente?<span class=\"ez-toc-section-end\"><\/span><\/h2>\n\n\n\n<p>\u00c8 opinione comune che i probiotici debbano essere assunti al mattino e i prebiotici alla sera per evitare flatulenze o interferenze reciproche. Secondo i pi\u00f9 recenti standard di nutrizione funzionale, non \u00e8 assolutamente necessario.<\/p>\n\n\n\n<figure class=\"wp-block-image size-full\"><img loading=\"lazy\" decoding=\"async\" width=\"995\" height=\"551\" src=\"https:\/\/www.sgnutri.com\/wp-content\/uploads\/2026\/01\/image-79.png\" alt=\"I probiotici e i prebiotici possono essere consumati insieme.\" class=\"wp-image-47339\" srcset=\"https:\/\/www.sgnutri.com\/wp-content\/uploads\/2026\/01\/image-79.png 995w, https:\/\/www.sgnutri.com\/wp-content\/uploads\/2026\/01\/image-79-300x166.png 300w, https:\/\/www.sgnutri.com\/wp-content\/uploads\/2026\/01\/image-79-768x425.png 768w, https:\/\/www.sgnutri.com\/wp-content\/uploads\/2026\/01\/image-79-18x10.png 18w\" sizes=\"auto, (max-width: 995px) 100vw, 995px\" \/><\/figure>\n\n\n\n<p>Separare i due elementi significa in realt\u00e0 tagliare il legame \"sinbiotico\". Se i probiotici arrivano qualche ora prima dei prebiotici, potrebbero non essere in grado di colonizzare a causa della mancanza di energia; al contrario, se i prebiotici arrivano da soli, sono solo cumuli di fibre non utilizzate prima che i batteri li raggiungano.<\/p>\n\n\n\n<p>Per massimizzare i benefici della salute intestinale, bloccateli insieme. Questo effetto sinergico \"1+1&gt;2\" \u00e8 pi\u00f9 forte quando passano contemporaneamente attraverso il tratto digestivo.<\/p>\n\n\n\n<h2 class=\"wp-block-heading\"><span class=\"ez-toc-section\" id=\"Frequently_Asked_Questions_FAQ\"><\/span>Domande frequenti (FAQ)<span class=\"ez-toc-section-end\"><\/span><\/h2>\n\n\n\n<div data-wp-context=\"{ &quot;autoclose&quot;: false, &quot;accordionItems&quot;: [] }\" data-wp-interactive=\"core\/accordion\" role=\"group\" class=\"wp-block-accordion\">\n<div data-wp-class--is-open=\"state.isOpen\" data-wp-context=\"{ &quot;id&quot;: &quot;accordion-item-1&quot;, &quot;openByDefault&quot;: false }\" data-wp-init=\"callbacks.initAccordionItems\" data-wp-on-window--hashchange=\"callbacks.hashChange\" class=\"wp-block-accordion-item\">\n<h3 class=\"wp-block-accordion-heading\"><button aria-expanded=\"false\" aria-controls=\"accordion-item-1-panel\" data-wp-bind--aria-expanded=\"state.isOpen\" data-wp-on--click=\"actions.toggle\" data-wp-on--keydown=\"actions.handleKeyDown\" id=\"accordion-item-1\" type=\"button\" class=\"wp-block-accordion-heading__toggle\"><span class=\"wp-block-accordion-heading__toggle-title\">D: Devo assumere prebiotici e probiotici insieme o separatamente?<\/span><span class=\"wp-block-accordion-heading__toggle-icon\" aria-hidden=\"true\">+<\/span><\/button><\/h3>\n\n\n\n<div inert aria-labelledby=\"accordion-item-1\" data-wp-bind--inert=\"!state.isOpen\" id=\"accordion-item-1-panel\" role=\"region\" class=\"wp-block-accordion-panel\">\n<p>R: Mangiate insieme. Scientificamente parlando, questo \u00e8 il metodo pi\u00f9 efficace, la cosiddetta strategia \"sinbiotica\". La somministrazione concomitante fornisce una fonte di cibo immediata (prebiotico o \"fertilizzante\") per i probiotici (\"semi\"). Per la maggior parte degli adulti sani, la somministrazione separata non solo non \u00e8 necessaria, ma pu\u00f2 anche far perdere i benefici sinergici della loro immediata interazione nell'intestino.<\/p>\n<\/div>\n<\/div>\n<\/div>\n\n\n\n<div data-wp-context=\"{ &quot;autoclose&quot;: false, &quot;accordionItems&quot;: [] }\" data-wp-interactive=\"core\/accordion\" role=\"group\" class=\"wp-block-accordion\">\n<div data-wp-class--is-open=\"state.isOpen\" data-wp-context=\"{ &quot;id&quot;: &quot;accordion-item-2&quot;, &quot;openByDefault&quot;: false }\" data-wp-init=\"callbacks.initAccordionItems\" data-wp-on-window--hashchange=\"callbacks.hashChange\" class=\"wp-block-accordion-item\">\n<h3 class=\"wp-block-accordion-heading\"><button aria-expanded=\"false\" aria-controls=\"accordion-item-2-panel\" data-wp-bind--aria-expanded=\"state.isOpen\" data-wp-on--click=\"actions.toggle\" data-wp-on--keydown=\"actions.handleKeyDown\" id=\"accordion-item-2\" type=\"button\" class=\"wp-block-accordion-heading__toggle\"><span class=\"wp-block-accordion-heading__toggle-title\">D: Qual \u00e8 il momento migliore della giornata per mangiare?<\/span><span class=\"wp-block-accordion-heading__toggle-icon\" aria-hidden=\"true\">+<\/span><\/button><\/h3>\n\n\n\n<div inert aria-labelledby=\"accordion-item-2\" data-wp-bind--inert=\"!state.isOpen\" id=\"accordion-item-2-panel\" role=\"region\" class=\"wp-block-accordion-panel\">\n<p>R: Il momento migliore \u00e8 il digiuno mattutino. In particolare, l'obiettivo \u00e8 di assumere l'integratore da 15 a 30 minuti prima del primo pasto giornaliero. Questo momento garantisce un passaggio efficiente dell'integratore nello stomaco e stabilisce un ritmo costante per il sistema digestivo.<\/p>\n<\/div>\n<\/div>\n<\/div>\n\n\n\n<div data-wp-context=\"{ &quot;autoclose&quot;: false, &quot;accordionItems&quot;: [] }\" data-wp-interactive=\"core\/accordion\" role=\"group\" class=\"wp-block-accordion\">\n<div data-wp-class--is-open=\"state.isOpen\" data-wp-context=\"{ &quot;id&quot;: &quot;accordion-item-3&quot;, &quot;openByDefault&quot;: false }\" data-wp-init=\"callbacks.initAccordionItems\" data-wp-on-window--hashchange=\"callbacks.hashChange\" class=\"wp-block-accordion-item\">\n<h3 class=\"wp-block-accordion-heading\"><button aria-expanded=\"false\" aria-controls=\"accordion-item-3-panel\" data-wp-bind--aria-expanded=\"state.isOpen\" data-wp-on--click=\"actions.toggle\" data-wp-on--keydown=\"actions.handleKeyDown\" id=\"accordion-item-3\" type=\"button\" class=\"wp-block-accordion-heading__toggle\"><span class=\"wp-block-accordion-heading__toggle-title\">D: Posso assumere i probiotici con caff\u00e8 o t\u00e8 caldi?<\/span><span class=\"wp-block-accordion-heading__toggle-icon\" aria-hidden=\"true\">+<\/span><\/button><\/h3>\n\n\n\n<div inert aria-labelledby=\"accordion-item-3\" data-wp-bind--inert=\"!state.isOpen\" id=\"accordion-item-3-panel\" role=\"region\" class=\"wp-block-accordion-panel\">\n<p>R: \u00c8 meglio evitare le bevande calde. Il metodo consigliato \u00e8 quello di utilizzare 1 bicchiere di acqua a temperatura ambiente per erogare il servizio. Un liquido surriscaldato pu\u00f2 uccidere i batteri benefici prima che raggiungano l'intestino, mentre l'acqua ghiacciata pu\u00f2 irritare l'apparato digerente. L'acqua a temperatura ambiente \u00e8 il mezzo pi\u00f9 sicuro per massimizzare la sopravvivenza dei batteri.<\/p>\n<\/div>\n<\/div>\n<\/div>\n\n\n\n<div data-wp-context=\"{ &quot;autoclose&quot;: false, &quot;accordionItems&quot;: [] }\" data-wp-interactive=\"core\/accordion\" role=\"group\" class=\"wp-block-accordion\">\n<div data-wp-class--is-open=\"state.isOpen\" data-wp-context=\"{ &quot;id&quot;: &quot;accordion-item-4&quot;, &quot;openByDefault&quot;: false }\" data-wp-init=\"callbacks.initAccordionItems\" data-wp-on-window--hashchange=\"callbacks.hashChange\" class=\"wp-block-accordion-item\">\n<h3 class=\"wp-block-accordion-heading\"><button aria-expanded=\"false\" aria-controls=\"accordion-item-4-panel\" data-wp-bind--aria-expanded=\"state.isOpen\" data-wp-on--click=\"actions.toggle\" data-wp-on--keydown=\"actions.handleKeyDown\" id=\"accordion-item-4\" type=\"button\" class=\"wp-block-accordion-heading__toggle\"><span class=\"wp-block-accordion-heading__toggle-title\">D: Bisogna aspettare a mangiare dopo aver assunto prebiotici e probiotici?<\/span><span class=\"wp-block-accordion-heading__toggle-icon\" aria-hidden=\"true\">+<\/span><\/button><\/h3>\n\n\n\n<div inert aria-labelledby=\"accordion-item-4\" data-wp-bind--inert=\"!state.isOpen\" id=\"accordion-item-4-panel\" role=\"region\" class=\"wp-block-accordion-panel\">\n<p>R: S\u00ec, si consiglia un breve periodo di attesa. L'ideale sarebbe aspettare 15-30 minuti dall'assunzione della combinazione di sinbiotici prima di fare colazione. Questo breve periodo di attesa consente ai probiotici e ai prebiotici di stabilizzarsi e di iniziare a muoversi nel sistema prima che inizi il carico digestivo pi\u00f9 pesante.<\/p>\n<\/div>\n<\/div>\n<\/div>\n\n\n\n<div data-wp-context=\"{ &quot;autoclose&quot;: false, &quot;accordionItems&quot;: [] }\" data-wp-interactive=\"core\/accordion\" role=\"group\" class=\"wp-block-accordion\">\n<div data-wp-class--is-open=\"state.isOpen\" data-wp-context=\"{ &quot;id&quot;: &quot;accordion-item-5&quot;, &quot;openByDefault&quot;: false }\" data-wp-init=\"callbacks.initAccordionItems\" data-wp-on-window--hashchange=\"callbacks.hashChange\" class=\"wp-block-accordion-item\">\n<h3 class=\"wp-block-accordion-heading\"><button aria-expanded=\"false\" aria-controls=\"accordion-item-5-panel\" data-wp-bind--aria-expanded=\"state.isOpen\" data-wp-on--click=\"actions.toggle\" data-wp-on--keydown=\"actions.handleKeyDown\" id=\"accordion-item-5\" type=\"button\" class=\"wp-block-accordion-heading__toggle\"><span class=\"wp-block-accordion-heading__toggle-title\">D: Se non al mattino, si pu\u00f2 mangiare la sera?<\/span><span class=\"wp-block-accordion-heading__toggle-icon\" aria-hidden=\"true\">+<\/span><\/button><\/h3>\n\n\n\n<div inert aria-labelledby=\"accordion-item-5\" data-wp-bind--inert=\"!state.isOpen\" id=\"accordion-item-5-panel\" role=\"region\" class=\"wp-block-accordion-panel\">\n<p>R: Anche se la mattina \u00e8 il momento preferito per stabilire il ritmo quotidiano, la costanza \u00e8 il fattore pi\u00f9 importante. Per ottimizzare l'effetto, la raccomandazione standard \u00e8 15-30 minuti prima del primo pasto. Ma se non \u00e8 possibile farlo al mattino, il segreto \u00e8 assumerlo ogni giorno alla stessa ora per mantenere la stabilit\u00e0 della salute intestinale.<\/p>\n<\/div>\n<\/div>\n<\/div>\n\n\n\n<p><strong><strong>Autore<\/strong>\uff1a<\/strong>&nbsp;<strong>Alex Mercer<\/strong><\/p>\n\n\n\n<p><em>Sono<\/em><strong>&nbsp;<\/strong><em>specialista in nutrizione funzionale che si dedica all'ottimizzazione della salute dell'intestino. Il mio lavoro si concentra sulle strategie \"sinbiotiche\", come la combinazione di prebiotici e probiotici, per massimizzare i tassi di sopravvivenza batterica e migliorare i ritmi digestivi. Credo nella tempistica basata sull'evidenza per aiutarvi a ottenere il miglior ritorno sull'investimento per la vostra salute.<\/em><\/p>\n<\/div>\n<\/div>","protected":false},"excerpt":{"rendered":"","protected":false},"author":1,"featured_media":47338,"comment_status":"open","ping_status":"open","sticky":false,"template":"","format":"standard","meta":{"_acf_changed":false,"themepark_post_bcolor":"#ffffff","themepark_post_width":"1022px","themepark_post_img":"","themepark_post_img_po":"left","themepark_post_img_re":false,"themepark_post_img_cover":false,"themepark_post_img_fixed":false,"themepark_post_hide_title":false,"themepark_post_main_b":"#ffffff","themepark_post_main_p":100,"themepark_paddingblock":true,"footnotes":""},"categories":[58],"tags":[],"class_list":["post-47337","post","type-post","status-publish","format-standard","has-post-thumbnail","hentry","category-blogs"],"metadata":{"_edit_lock":["1772504214:1"],"rank_math_seo_score":["20"],"rank_math_primary_category":["58"],"_wp_old_date":["2026-01-14"],"_thumbnail_id":["47338"],"themepark_post_bcolor":["#ffffff"],"themepark_post_width":["1022px"],"themepark_post_img":[""],"themepark_post_img_po":["left"],"themepark_post_img_re":[""],"themepark_post_img_cover":[""],"themepark_post_img_fixed":[""],"themepark_post_hide_title":[""],"themepark_post_main_b":["#ffffff"],"themepark_post_main_p":["100"],"themepark_paddingblock":["1"],"footnotes":[""],"_edit_last":["1"],"_ez-toc-disabled":[""],"_ez-toc-insert":[""],"_ez-toc-header-label":[""],"_ez-toc-device-target":[""],"_ez-toc-alignment":["none"],"_ez-toc-heading-levels":["a:0:{}"],"_ez-toc-alttext":[""],"_ez-toc-visibility_hide_by_default":[""],"_ez-toc-hide_counter":[""],"_ez-toc-exclude":[""],"_ez-toc-position-specific":[""],"themepark_seo_title":["How To Take Prebiotics With Probiotics"],"themepark_seo_description":["Learn How To Take Prebiotics With Probiotics. Take Them Together 15-30 Mins Before Breakfast For Max Gut Health Results."],"themepark_seo_keyword":["How To Take Prebiotics With Probiotics"],"catce":["sidebar-widgets4"],"_trp_automatically_translated_slug_ar":["\u0643\u064a\u0641\u064a\u0629-\u062a\u0646\u0627\u0648\u0644-\u0627\u0644\u0628\u0631\u064a\u0628\u0627\u064a\u0648\u062a\u0643\u0633-\u0645\u0639-\u0627\u0644\u0628\u0631\u0648\u0628\u064a\u0648"],"_trp_automatically_translated_slug_de_DE":["wie-man-prabiotika-mit-probiotika-einnimmt"],"_trp_automatically_translated_slug_es_ES":["como-tomar-prebioticos-con-probioticos"],"_trp_automatically_translated_slug_fr_FR":["comment-prendre-des-prebiotiques-avec-des-probiotiques"],"_trp_automatically_translated_slug_ja":["\u30d7\u30ec\u30d0\u30a4\u30aa\u30c6\u30a3\u30af\u30b9\u3068\u30d7\u30ed\u30d0\u30a4\u30aa\u30c6\u30a3\u30af\u30b9\u306e\u4f75\u7528"],"_trp_automatically_translated_slug_it_IT":["come-assumere-i-prebiotici-con-i-probiotici"],"_trp_automatically_translated_slug_ko_KR":["\ud504\ub85c\ubc14\uc774\uc624\ud2f1\uc2a4\uc640-\ud568\uaed8-\ud504\ub9ac\ubc14\uc774\uc624\ud2f1\uc2a4\ub97c-\uc12d\ucde8\ud558"],"views":["435"],"aggregated_titles":[""],"_aggregated_titles":["field_698ad8fabfec6"],"aggregate_description":[""],"_aggregate_description":["field_698ad913bfec7"],"polymer_product_sku1":[""],"_polymer_product_sku1":["field_698ad932bfec8"],"polymer_product_sku2":[""],"_polymer_product_sku2":["field_698ad93dbfec9"],"polymer_product_sku3":[""],"_polymer_product_sku3":["field_698ad941bfeca"],"aggregated_product_titles1":[""],"_aggregated_product_titles1":["field_698ad945bfecb"],"aggregated_product_titles2":[""],"_aggregated_product_titles2":["field_698ad94dbfecc"],"aggregated_product_titles3":[""],"_aggregated_product_titles3":["field_698ad954bfecd"],"aggregated_product_description1":[""],"_aggregated_product_description1":["field_698ad957bfece"],"aggregated_product_description2":[""],"_aggregated_product_description2":["field_698ad961bfecf"],"aggregated_product_description3":[""],"_aggregated_product_description3":["field_698ad965bfed0"],"polymerization_characteristics_tittle":[""],"_polymerization_characteristics_tittle":["field_699d3c712ad62"],"polymerization_characteristics1":[""],"_polymerization_characteristics1":["field_699d3c742ad63"],"polymerization_characteristics2":[""],"_polymerization_characteristics2":["field_699d3c7d2ad64"],"polymerization_characteristics3":[""],"_polymerization_characteristics3":["field_699d3c802ad65"],"polymerization_characteristics4":[""],"_polymerization_characteristics4":["field_699d3c842ad66"],"polymerization_characteristics5":[""],"_polymerization_characteristics5":["field_699d3c8d2ad67"],"polymerization_characteristics6":[""],"_polymerization_characteristics6":["field_699d3c902ad68"],"polymerization_characteristics_descr1":[""],"_polymerization_characteristics_descr1":["field_699d3c9a2ad69"],"polymerization_characteristics_descr2":[""],"_polymerization_characteristics_descr2":["field_699d3c9c2ad6a"],"polymerization_characteristics_descr3":[""],"_polymerization_characteristics_descr3":["field_699d3c9f2ad6b"],"polymerization_characteristics_descr4":[""],"_polymerization_characteristics_descr4":["field_699d3ca22ad6c"],"polymerization_characteristics_descr5":[""],"_polymerization_characteristics_descr5":["field_699d3ca52ad6d"],"polymerization_characteristics_descr6":[""],"_polymerization_characteristics_descr6":["field_699d3ca92ad6e"],"aggregated_application_scenarios_tittle":[""],"_aggregated_application_scenarios_tittle":["field_699d3cae2ad6f"],"aggregated_application_scenarios1":[""],"_aggregated_application_scenarios1":["field_699d3cbd2ad70"],"aggregated_application_scenarios2":[""],"_aggregated_application_scenarios2":["field_699d3cc52ad71"],"aggregated_application_scenarios3":[""],"_aggregated_application_scenarios3":["field_699d3cc92ad72"],"aggregated_application_scenarios4":[""],"_aggregated_application_scenarios4":["field_699d3ccc2ad73"],"aggregated_application_scenarios5":[""],"_aggregated_application_scenarios5":["field_699d3cd02ad74"],"aggregated_application_scenarios6":[""],"_aggregated_application_scenarios6":["field_699d3cd42ad75"],"product_title":[""],"_product_title":["field_696dddd18cafe"],"product_description":[""],"_product_description":["field_696ddded8caff"],"product_parameter1":[""],"_product_parameter1":["field_696dddf48cb00"],"product_parameter2":[""],"_product_parameter2":["field_696dddfd8cb01"],"product_parameter3":[""],"_product_parameter3":["field_696dde018cb02"],"product_parameter4":[""],"_product_parameter4":["field_698bf07160199"],"product_parameter5":[""],"_product_parameter5":["field_698bf0746019a"],"product_parameter6":[""],"_product_parameter6":["field_698bf0786019b"],"product_parameter7":[""],"_product_parameter7":["field_698bf07b6019c"],"product_parameter8":[""],"_product_parameter8":["field_698bf07e6019d"],"product_parameter9":[""],"_product_parameter9":["field_698bf0816019e"],"parameter_describ":[""],"_parameter_describ":["field_698bf08a6019f"],"product_parameter_description1":[""],"_product_parameter_description1":["field_696dde048cb03"],"product_parameter_description2":[""],"_product_parameter_description2":["field_696dde0c8cb04"],"product_parameter_description3":[""],"_product_parameter_description3":["field_696dde118cb05"],"product_parameter_description4":[""],"_product_parameter_description4":["field_698bf04f60193"],"product_parameter_description5":[""],"_product_parameter_description5":["field_698bf05560194"],"product_parameter_description6":[""],"_product_parameter_description6":["field_698bf05960195"],"product_parameter_description7":[""],"_product_parameter_description7":["field_698bf05c60196"],"product_parameter_description8":[""],"_product_parameter_description8":["field_698bf05f60197"],"product_parameter_description9":[""],"_product_parameter_description9":["field_698bf06360198"],"characteristics_tittle":[""],"_characteristics_tittle":["field_696dde148cb06"],"characteristics_tittle1":[""],"_characteristics_tittle1":["field_696dde1b8cb07"],"characteristics_tittle2":[""],"_characteristics_tittle2":["field_696dde238cb08"],"characteristics_tittle3":[""],"_characteristics_tittle3":["field_696dde278cb09"],"characteristics_tittle4":[""],"_characteristics_tittle4":["field_696dde2a8cb0a"],"characteristics_tittle5":[""],"_characteristics_tittle5":["field_696dde2e8cb0b"],"characteristics_tittle6":[""],"_characteristics_tittle6":["field_696dde318cb0c"],"characteristics_description1":[""],"_characteristics_description1":["field_696dde368cb0d"],"characteristics_description2":[""],"_characteristics_description2":["field_696dde408cb0e"],"characteristics_description3":[""],"_characteristics_description3":["field_696dde438cb0f"],"characteristics_description4":[""],"_characteristics_description4":["field_696dde468cb10"],"characteristics_description5":[""],"_characteristics_description5":["field_696dde498cb11"],"characteristics_description6":[""],"_characteristics_description6":["field_696dde4d8cb12"],"comparison_points_tittle":[""],"_comparison_points_tittle":["field_696dde528cb13"],"comparison_points_tittle1":[""],"_comparison_points_tittle1":["field_696dde608cb14"],"comparison_points_tittle2":[""],"_comparison_points_tittle2":["field_696dde668cb15"],"comparison_points_tittle3":[""],"_comparison_points_tittle3":["field_696dde6c8cb16"],"comparison_points_description":[""],"_comparison_points_description":["field_696dde708cb17"],"comparison_points_description1":[""],"_comparison_points_description1":["field_696dde888cb18"],"comparison_points_description2":[""],"_comparison_points_description2":["field_696dde908cb19"],"comparison_points_description3":[""],"_comparison_points_description3":["field_696dde948cb1a"],"application_title":[""],"_application_title":["field_696dde988cb1b"],"application_title1":[""],"_application_title1":["field_696ddea68cb1c"],"application_title2":[""],"_application_title2":["field_696ddeb18cb1d"],"application_title3":[""],"_application_title3":["field_696ddeb58cb1e"],"application_title4":[""],"_application_title4":["field_696ddebd8cb1f"],"application_describe1":[""],"_application_describe1":["field_696ddec48cb20"],"application_describe2":[""],"_application_describe2":["field_696dded08cb21"],"application_describe3":[""],"_application_describe3":["field_696dded38cb22"],"application_describe4":[""],"_application_describe4":["field_696dded78cb23"],"instruction_title":[""],"_instruction_title":["field_696ddedb8cb24"],"instruction_title1":[""],"_instruction_title1":["field_696ddee68cb25"],"instruction_title2":[""],"_instruction_title2":["field_696ddef58cb26"],"instruction_title3":[""],"_instruction_title3":["field_696ddef98cb27"],"instruction_title4":[""],"_instruction_title4":["field_696ddefc8cb28"],"instruction_describe1":[""],"_instruction_describe1":["field_696ddeff8cb29"],"instruction_describe2":[""],"_instruction_describe2":["field_696ddf078cb2a"],"instruction_describe3":[""],"_instruction_describe3":["field_696ddf0b8cb2b"],"instruction_describe4":[""],"_instruction_describe4":["field_696ddf0e8cb2c"],"material":[""],"_material":["field_696eed876b2b8"],"material_description":[""],"_material_description":["field_696eed896b2b9"],"pre_and_post_sales_titles":[""],"_pre_and_post_sales_titles":["field_696eed906b2ba"],"after_sales_service_title":[""],"_after_sales_service_title":["field_696eeda36b2bb"],"before_sales_service_title":[""],"_before_sales_service_title":["field_696eedbb6b2bc"],"after_sales_service_describe":[""],"_after_sales_service_describe":["field_696eedc86b2bd"],"before_sales_service_describe":[""],"_before_sales_service_describe":["field_696eedcf6b2be"],"faq_question1":[""],"_faq_question1":["field_696eedd56b2bf"],"faq_question2":[""],"_faq_question2":["field_696eedee6b2c0"],"faq_question3":[""],"_faq_question3":["field_696eedf36b2c1"],"faq_question4":[""],"_faq_question4":["field_696eedf76b2c2"],"faq_question5":[""],"_faq_question5":["field_696eedfb6b2c3"],"faq_question6":[""],"_faq_question6":["field_696eedfe6b2c4"],"faq_answer1":[""],"_faq_answer1":["field_696eee026b2c5"],"faq_answer2":[""],"_faq_answer2":["field_696eee0b6b2c6"],"faq_answer3":[""],"_faq_answer3":["field_696eee0e6b2c7"],"faq_answer4":[""],"_faq_answer4":["field_696eee126b2c8"],"faq_answer5":[""],"_faq_answer5":["field_696eee156b2c9"],"faq_answer6":[""],"_faq_answer6":["field_696eee196b2ca"],"detailed_specifications_table":[""],"_detailed_specifications_table":["field_697738b0ef515"]},"acf":[],"medium_url":"https:\/\/www.sgnutri.com\/wp-content\/uploads\/2026\/01\/image-78-300x138.png","thumbnail_url":"https:\/\/www.sgnutri.com\/wp-content\/uploads\/2026\/01\/image-78-150x150.png","full_url":"https:\/\/www.sgnutri.com\/wp-content\/uploads\/2026\/01\/image-78.png","_links":{"self":[{"href":"https:\/\/www.sgnutri.com\/it\/wp-json\/wp\/v2\/posts\/47337","targetHints":{"allow":["GET"]}}],"collection":[{"href":"https:\/\/www.sgnutri.com\/it\/wp-json\/wp\/v2\/posts"}],"about":[{"href":"https:\/\/www.sgnutri.com\/it\/wp-json\/wp\/v2\/types\/post"}],"author":[{"embeddable":true,"href":"https:\/\/www.sgnutri.com\/it\/wp-json\/wp\/v2\/users\/1"}],"replies":[{"embeddable":true,"href":"https:\/\/www.sgnutri.com\/it\/wp-json\/wp\/v2\/comments?post=47337"}],"version-history":[{"count":2,"href":"https:\/\/www.sgnutri.com\/it\/wp-json\/wp\/v2\/posts\/47337\/revisions"}],"predecessor-version":[{"id":48350,"href":"https:\/\/www.sgnutri.com\/it\/wp-json\/wp\/v2\/posts\/47337\/revisions\/48350"}],"wp:featuredmedia":[{"embeddable":true,"href":"https:\/\/www.sgnutri.com\/it\/wp-json\/wp\/v2\/media\/47338"}],"wp:attachment":[{"href":"https:\/\/www.sgnutri.com\/it\/wp-json\/wp\/v2\/media?parent=47337"}],"wp:term":[{"taxonomy":"category","embeddable":true,"href":"https:\/\/www.sgnutri.com\/it\/wp-json\/wp\/v2\/categories?post=47337"},{"taxonomy":"post_tag","embeddable":true,"href":"https:\/\/www.sgnutri.com\/it\/wp-json\/wp\/v2\/tags?post=47337"}],"curies":[{"name":"wp","href":"https:\/\/api.w.org\/{rel}","templated":true}]}}